{"id":120636,"date":"2018-09-25T08:38:19","date_gmt":"2018-09-25T11:38:19","guid":{"rendered":"https:\/\/diarioregionaldigital.com.br\/?p=120636"},"modified":"2018-09-25T08:38:19","modified_gmt":"2018-09-25T11:38:19","slug":"carro-e-furtado-na-rua-benjamim-constant-2","status":"publish","type":"post","link":"https:\/\/diarioregionaldigital.com.br\/?p=120636","title":{"rendered":"Carro \u00e9 furtado na Rua Benjamim Constant"},"content":{"rendered":"<p>Um carro foi furtado no Centro de Juiz de Fora na madrugada desta ter\u00e7a-feira, 25. A propriet\u00e1ria, uma mulher de 39 anos, estacionou o ve\u00edculo na Rua Benjamim Constant, por volta das 20h15, e ao retornar, cerca de quatro horas depois, n\u00e3o mais o encontrou no local.<\/p>\n<p>De acordo com as informa\u00e7\u00f5es passadas \u00e0 Pol\u00edcia Militar (PM), o carro n\u00e9 de cor vermelha, n\u00e3o possui seguro total, estava com \u00bc de gasolina e possui placa de Juiz de Fora.<\/p>\n<p>At\u00e9 o momento n\u00e3o h\u00e1 suspeitos \u00a0para o furto e o caso est\u00e1 sendo investigado pela PM.<\/p>\n","protected":false},"excerpt":{"rendered":"<p>Um carro foi furtado no Centro de Juiz de Fora na madrugada desta ter\u00e7a-feira, 25. A propriet\u00e1ria, uma mulher de 39 anos, estacionou o ve\u00edculo na Rua Benjamim Constant, por volta das 20h15, e ao retornar, cerca de quatro horas depois, n\u00e3o mais o encontrou no local. De acordo com as informa\u00e7\u00f5es passadas \u00e0 Pol\u00edcia [&hellip;]<\/p>\n","protected":false},"author":96,"featured_media":95836,"comment_status":"closed","ping_status":"closed","sticky":false,"template":"","format":"standard","meta":{"footnotes":""},"categories":[301],"tags":[],"class_list":["post-120636","post","type-post","status-publish","format-standard","has-post-thumbnail","hentry","category-artigos-policiais"],"_links":{"self":[{"href":"https:\/\/diarioregionaldigital.com.br\/index.php?rest_route=\/wp\/v2\/posts\/120636","targetHints":{"allow":["GET"]}}],"collection":[{"href":"https:\/\/diarioregionaldigital.com.br\/index.php?rest_route=\/wp\/v2\/posts"}],"about":[{"href":"https:\/\/diarioregionaldigital.com.br\/index.php?rest_route=\/wp\/v2\/types\/post"}],"author":[{"embeddable":true,"href":"https:\/\/diarioregionaldigital.com.br\/index.php?rest_route=\/wp\/v2\/users\/96"}],"replies":[{"embeddable":true,"href":"https:\/\/diarioregionaldigital.com.br\/index.php?rest_route=%2Fwp%2Fv2%2Fcomments&post=120636"}],"version-history":[{"count":0,"href":"https:\/\/diarioregionaldigital.com.br\/index.php?rest_route=\/wp\/v2\/posts\/120636\/revisions"}],"wp:featuredmedia":[{"embeddable":true,"href":"https:\/\/diarioregionaldigital.com.br\/index.php?rest_route=\/wp\/v2\/media\/95836"}],"wp:attachment":[{"href":"https:\/\/diarioregionaldigital.com.br\/index.php?rest_route=%2Fwp%2Fv2%2Fmedia&parent=120636"}],"wp:term":[{"taxonomy":"category","embeddable":true,"href":"https:\/\/diarioregionaldigital.com.br\/index.php?rest_route=%2Fwp%2Fv2%2Fcategories&post=120636"},{"taxonomy":"post_tag","embeddable":true,"href":"https:\/\/diarioregionaldigital.com.br\/index.php?rest_route=%2Fwp%2Fv2%2Ftags&post=120636"}],"curies":[{"name":"wp","href":"https:\/\/api.w.org\/{rel}","templated":true}]}}