{"id":120628,"date":"2018-09-25T08:31:01","date_gmt":"2018-09-25T11:31:01","guid":{"rendered":"https:\/\/diarioregionaldigital.com.br\/?p=120628"},"modified":"2018-09-25T08:31:01","modified_gmt":"2018-09-25T11:31:01","slug":"adolescente-e-roubado-no-bairro-bairu","status":"publish","type":"post","link":"https:\/\/diarioregionaldigital.com.br\/?p=120628","title":{"rendered":"Adolescente \u00e9 roubado no bairro Bairu"},"content":{"rendered":"<p>Um adolescente, de 17 anos, foi roubado no bairro Bairu, zona Leste de Juiz de Fora, nessa segunda-feira, 24. Segundo a Pol\u00edcia Militar, o jovem, que \u00e9 dono de uma loja de celulares, havia vendido um celular pessoal para outro rapaz, tamb\u00e9m de 17 anos, em janeiro deste ano. H\u00e1 cerca de dois meses, o jovem come\u00e7ou a receber amea\u00e7as do comprador que alegava que o aparelho estava com defeito. Segundo relato da v\u00edtima \u00e0 Pol\u00edcia Militar, foi oferecido ao rapaz a devolu\u00e7\u00e3o do dinheiro pago pelo telefone, mas o autor disse n\u00e3o querer a restitui\u00e7\u00e3o do valor e amea\u00e7ou o vendedor.<\/p>\n<p>Nessa segunda-feira, 24, o adolescente recebeu uma mensagem de WhatsApp de um n\u00famero cuja foto era de uma amiga dele.\u00a0 Ela marcava um encontro na pra\u00e7a do bairro e alegava que queria encontrar com o jovem pois o celular dela precisava de manuten\u00e7\u00e3o. Ao chegar ao local combinado, a v\u00edtima foi surpreendida n\u00e3o pela amiga, mas sim pelo comprador do antigo celular, que perguntou o que o jovem teria de pertences para abater na d\u00edvida. Como o autor estava acompanhado de outro rapaz, de 21 anos, o adolescente ficou com medo de sofrer retalia\u00e7\u00f5es e entregou um aparelho celular, um rel\u00f3gio, um carregador de telefone e uma caixa de ferramentas que tinha em m\u00e3os. O comprador ent\u00e3o decidiu n\u00e3o ficar com todos os objetos, pegando apenas o celular. Mas antes que devolvessem ao jovem os outros pertences, o rapaz mais velho disse que ficaria com eles. Ap\u00f3s o ocorrido, os autores fugiram.<\/p>\n<p>A Pol\u00edcia Militar realizou rastreamento na \u00e1rea e conseguiu localizar os dois rapazes. O autor de 21 anos foi preso e o menor, de 17 anos, apreendido e levado com seu respons\u00e1vel legal para a delegacia.<\/p>\n","protected":false},"excerpt":{"rendered":"<p>Um adolescente, de 17 anos, foi roubado no bairro Bairu, zona Leste de Juiz de Fora, nessa segunda-feira, 24. Segundo a Pol\u00edcia Militar, o jovem, que \u00e9 dono de uma loja de celulares, havia vendido um celular pessoal para outro rapaz, tamb\u00e9m de 17 anos, em janeiro deste ano. H\u00e1 cerca de dois meses, o [&hellip;]<\/p>\n","protected":false},"author":96,"featured_media":95836,"comment_status":"closed","ping_status":"closed","sticky":false,"template":"","format":"standard","meta":{"footnotes":""},"categories":[301],"tags":[],"class_list":["post-120628","post","type-post","status-publish","format-standard","has-post-thumbnail","hentry","category-artigos-policiais"],"_links":{"self":[{"href":"https:\/\/diarioregionaldigital.com.br\/index.php?rest_route=\/wp\/v2\/posts\/120628","targetHints":{"allow":["GET"]}}],"collection":[{"href":"https:\/\/diarioregionaldigital.com.br\/index.php?rest_route=\/wp\/v2\/posts"}],"about":[{"href":"https:\/\/diarioregionaldigital.com.br\/index.php?rest_route=\/wp\/v2\/types\/post"}],"author":[{"embeddable":true,"href":"https:\/\/diarioregionaldigital.com.br\/index.php?rest_route=\/wp\/v2\/users\/96"}],"replies":[{"embeddable":true,"href":"https:\/\/diarioregionaldigital.com.br\/index.php?rest_route=%2Fwp%2Fv2%2Fcomments&post=120628"}],"version-history":[{"count":0,"href":"https:\/\/diarioregionaldigital.com.br\/index.php?rest_route=\/wp\/v2\/posts\/120628\/revisions"}],"wp:featuredmedia":[{"embeddable":true,"href":"https:\/\/diarioregionaldigital.com.br\/index.php?rest_route=\/wp\/v2\/media\/95836"}],"wp:attachment":[{"href":"https:\/\/diarioregionaldigital.com.br\/index.php?rest_route=%2Fwp%2Fv2%2Fmedia&parent=120628"}],"wp:term":[{"taxonomy":"category","embeddable":true,"href":"https:\/\/diarioregionaldigital.com.br\/index.php?rest_route=%2Fwp%2Fv2%2Fcategories&post=120628"},{"taxonomy":"post_tag","embeddable":true,"href":"https:\/\/diarioregionaldigital.com.br\/index.php?rest_route=%2Fwp%2Fv2%2Ftags&post=120628"}],"curies":[{"name":"wp","href":"https:\/\/api.w.org\/{rel}","templated":true}]}}