{"id":120603,"date":"2018-09-25T06:00:29","date_gmt":"2018-09-25T09:00:29","guid":{"rendered":"https:\/\/diarioregionaldigital.com.br\/?p=120603"},"modified":"2018-09-24T19:16:13","modified_gmt":"2018-09-24T22:16:13","slug":"edital-grafos-jar-distribuidora-de-ferro-e-aco-25-09-18","status":"publish","type":"post","link":"https:\/\/diarioregionaldigital.com.br\/?p=120603","title":{"rendered":"Edital Grafos &#8211; Jar Distribuidora de Ferro e A\u00e7o &#8211; 25\/09\/18"},"content":{"rendered":"<p style=\"text-align: center;\"><strong>AVISO<\/strong><\/p>\n<p style=\"text-align: center;\"><strong>J.A.R DISTRIBUIDORA DE FERRO E A\u00c7O LTDA.-ME<\/strong> \u2013 CNPJ 04.008.533\/0001-70, torna p\u00fablico que obteve do Conselho Municipal do Meio Ambiente \u2013 COMDEMA, atrav\u00e9s do processo n\u00b0 14463\/2008, a Licen\u00e7a de Opera\u00e7\u00e3o Corretiva \u2013 LOC, n\u00ba 023\/2018, em 20 de setembro de 2008, com validade de 08 \u00a0anos, para a atividade dep\u00f3sito e com\u00e9rcio de sucatas ferrosas, com empreendimento situado \u00e0 Rua Miguel Marinho, 448, bairro Santa Cruz, Juiz de Fora, MG<\/p>\n","protected":false},"excerpt":{"rendered":"<p>AVISO J.A.R DISTRIBUIDORA DE FERRO E A\u00c7O LTDA.-ME \u2013 CNPJ 04.008.533\/0001-70, torna p\u00fablico que obteve do Conselho Municipal do Meio Ambiente \u2013 COMDEMA, atrav\u00e9s do processo n\u00b0 14463\/2008, a Licen\u00e7a de Opera\u00e7\u00e3o Corretiva \u2013 LOC, n\u00ba 023\/2018, em 20 de setembro de 2008, com validade de 08 \u00a0anos, para a atividade dep\u00f3sito e com\u00e9rcio de [&hellip;]<\/p>\n","protected":false},"author":96,"featured_media":0,"comment_status":"closed","ping_status":"closed","sticky":false,"template":"","format":"standard","meta":{"footnotes":""},"categories":[307],"tags":[],"class_list":["post-120603","post","type-post","status-publish","format-standard","hentry","category-editais"],"_links":{"self":[{"href":"https:\/\/diarioregionaldigital.com.br\/index.php?rest_route=\/wp\/v2\/posts\/120603","targetHints":{"allow":["GET"]}}],"collection":[{"href":"https:\/\/diarioregionaldigital.com.br\/index.php?rest_route=\/wp\/v2\/posts"}],"about":[{"href":"https:\/\/diarioregionaldigital.com.br\/index.php?rest_route=\/wp\/v2\/types\/post"}],"author":[{"embeddable":true,"href":"https:\/\/diarioregionaldigital.com.br\/index.php?rest_route=\/wp\/v2\/users\/96"}],"replies":[{"embeddable":true,"href":"https:\/\/diarioregionaldigital.com.br\/index.php?rest_route=%2Fwp%2Fv2%2Fcomments&post=120603"}],"version-history":[{"count":0,"href":"https:\/\/diarioregionaldigital.com.br\/index.php?rest_route=\/wp\/v2\/posts\/120603\/revisions"}],"wp:attachment":[{"href":"https:\/\/diarioregionaldigital.com.br\/index.php?rest_route=%2Fwp%2Fv2%2Fmedia&parent=120603"}],"wp:term":[{"taxonomy":"category","embeddable":true,"href":"https:\/\/diarioregionaldigital.com.br\/index.php?rest_route=%2Fwp%2Fv2%2Fcategories&post=120603"},{"taxonomy":"post_tag","embeddable":true,"href":"https:\/\/diarioregionaldigital.com.br\/index.php?rest_route=%2Fwp%2Fv2%2Ftags&post=120603"}],"curies":[{"name":"wp","href":"https:\/\/api.w.org\/{rel}","templated":true}]}}