{"id":120590,"date":"2018-09-25T06:07:06","date_gmt":"2018-09-25T09:07:06","guid":{"rendered":"https:\/\/diarioregionaldigital.com.br\/?p=120590"},"modified":"2018-09-25T18:32:08","modified_gmt":"2018-09-25T21:32:08","slug":"mais-de-um-milhao-de-mineiros-ainda-nao-sacaram-as-cotas-do-pis","status":"publish","type":"post","link":"https:\/\/diarioregionaldigital.com.br\/?p=120590","title":{"rendered":"Mais de um milh\u00e3o de mineiros ainda n\u00e3o sacaram as cotas do PIS"},"content":{"rendered":"<p>&nbsp;<\/p>\n<p>Cerca de 1,1 milh\u00e3o de mineiros ainda n\u00e3o realizaram o saque das Cotas do PIS. O prazo para que os cotistas com menos de 60 anos possam retirar o benef\u00edcio termina no dia 28 de setembro. De acordo com a Lei 13.677\/18 e Decreto 9.409\/18, os trabalhadores cadastrados entre 1971 e 4 de outubro de 1988 podem resgatar o PIS, independente da idade. Aquele que trabalha ou j\u00e1 trabalhou em empresa privada, cadastrado no PIS at\u00e9 4 de outubro de 1988, que ainda n\u00e3o tenha feito o saque total do saldo ap\u00f3s esta data, tem direito a receber Cotas do PIS. Se o cotista \u00e9 ou foi empregado do setor p\u00fablico, deve buscar informa\u00e7\u00e3o sobre o saque das cotas do PASEP no Banco do Brasil.\u200b<\/p>\n<p>O valor dispon\u00edvel para o estado de Minas Gerais ultrapassa R$1,6 bilh\u00e3o. At\u00e9 o final do m\u00eas de agosto, cerca de 874 mil cotistas mineiros sacaram o benef\u00edcio, totalizando R$740 milh\u00f5es em pagamentos.O cr\u00e9dito autom\u00e1tico dos valores do benef\u00edcio j\u00e1 foi realizado na conta de correntistas da Caixa que tenham uma conta de \u00fanica titularidade. Luiz Gonzaga explica que aqueles que n\u00e3o tenham conta na Caixa conseguem sacar o dinheiro.\u201cQuem n\u00e3o tem conta na Caixa pode procurar qualquer uma de nossas ag\u00eancias, as loterias, e os correspondentes \u2018Caixa Aqui\u2019 ou o nosso autoatendimento com o cart\u00e3o cidad\u00e3o e senha\u201d. Ele ainda explica que quem tem Cart\u00e3o Cidad\u00e3o e senha consegue sacar o benef\u00edcio, no valor de at\u00e9 R$3.000 mil, no caixa eletr\u00f4nico, nas loterias ou com os correspondentes. Valor acima de tr\u00eas mil reais s\u00f3 \u00e9 poss\u00edvel sacar na Ag\u00eancia da Caixa.<\/p>\n<p>As cotas s\u00e3o o resultado dos cr\u00e9ditos depositados pelo empregador no Fundo PIS\/PASEP, entre aqueles anos. De acordo com Luiz Gonzaga Guedes J\u00fanior, gerente geral da Ag\u00eancia Halfeld da Caixa Econ\u00f4mica Federal, o procedimento realizado para o saque do PIS n\u00e3o \u00e9 dif\u00edcil. \u201cPessoas com valor inferior a mil e quinhentos reais n\u00e3o precisam do Cart\u00e3o Cidad\u00e3o, somente a senha do cidad\u00e3o \u00e9 necess\u00e1ria para fazer o saque de quantia inferior a essa quantia\u201d, explica.<\/p>\n<p>Para saber se tem direito ao benef\u00edcio, o trabalhador pode consultar o <a href=\"http:\/\/www.caixa.gov.br\/cotaspis\">site<\/a> utilizando o n\u00famero do CPF ou o NIS. Para realizar o saque, o trabalhador dever\u00e1 apresentar documento oficial de identifica\u00e7\u00e3o com foto. \u00c9 poss\u00edvel se informar tamb\u00e9m atrav\u00e9s do aplicativo \u201cCaixa Trabalhador\u201d, que est\u00e1 dispon\u00edvel gratuitamente para download para Android e iOS. Outras op\u00e7\u00f5es para conferir o saldo s\u00e3o no Autoatendimento, utilizando o Cart\u00e3o Cidad\u00e3o, ou no Internet Banking, na op\u00e7\u00e3o \u2018Servi\u00e7os ao Cidad\u00e3o\u2019, caso seja correntista da Caixa.<\/p>\n<p>&nbsp;<\/p>\n<div id=\"attachment_120591\" style=\"width: 3466px\" class=\"wp-caption aligncenter\"><img loading=\"lazy\" decoding=\"async\" aria-describedby=\"caption-attachment-120591\" class=\"size-full wp-image-120591\" src=\"https:\/\/diarioregionaldigital.com.br\/wp-content\/uploads\/2018\/09\/foto-01-RAFAELA-FRUTUOSO-usar-essa-2-1.jpg\" alt=\"\" width=\"3456\" height=\"2304\" srcset=\"https:\/\/diarioregionaldigital.com.br\/wp-content\/uploads\/2018\/09\/foto-01-RAFAELA-FRUTUOSO-usar-essa-2-1.jpg 3456w, https:\/\/diarioregionaldigital.com.br\/wp-content\/uploads\/2018\/09\/foto-01-RAFAELA-FRUTUOSO-usar-essa-2-1-300x200.jpg 300w, https:\/\/diarioregionaldigital.com.br\/wp-content\/uploads\/2018\/09\/foto-01-RAFAELA-FRUTUOSO-usar-essa-2-1-768x512.jpg 768w, https:\/\/diarioregionaldigital.com.br\/wp-content\/uploads\/2018\/09\/foto-01-RAFAELA-FRUTUOSO-usar-essa-2-1-1024x683.jpg 1024w, https:\/\/diarioregionaldigital.com.br\/wp-content\/uploads\/2018\/09\/foto-01-RAFAELA-FRUTUOSO-usar-essa-2-1-360x240.jpg 360w\" sizes=\"auto, (max-width: 3456px) 100vw, 3456px\" \/><p id=\"caption-attachment-120591\" class=\"wp-caption-text\">Foto: Rafaela Frutuoso<\/p><\/div>\n<p>O gerente ainda explica que caso o saque n\u00e3o seja feito at\u00e9 a data prevista, poder\u00e1 ser feito posteriormente. \u201cO \u2018Decreto\/Lei\u2019 tem for\u00e7a at\u00e9 o dia 28 de setembro. Aqueles cotistas de PIS que n\u00e3o fizerem o saque das suas cotas de PIS voltam automaticamente a serem reenquadrados nos saques previstos para o PIS\u201d, explica. Cotistas a partir de 60 anos, aposentados, herdeiros e demais casos previstos em Lei permanecer\u00e3o com o direito ao saque ap\u00f3s a data final deste m\u00eas, conforme o calend\u00e1rio anual do PIS. Luiz Gonzaga refor\u00e7a que as pessoas que ainda tiverem d\u00favidas podem ir at\u00e9 uma Ag\u00eancia Caixa para obter informa\u00e7\u00f5es.<\/p>\n<h3><strong>HERDEIROS<\/strong><\/h3>\n<p>Caso o cotista do PIS tenha falecido, os benefici\u00e1rios legais, nas condi\u00e7\u00f5es de herdeiros, podem comparecer a qualquer Ag\u00eancia da Caixa para realizar o saque mediante apresenta\u00e7\u00e3o de documento de identifica\u00e7\u00e3o junto ao documento que comprove a condi\u00e7\u00e3o de herdeiro.<\/p>\n<ul>\n<li>Certid\u00e3o ou declara\u00e7\u00e3o de dependentes habilitados \u00e0 pens\u00e3o por morte expedida pelo INSS;<\/li>\n<li>Atestado fornecido pela entidade empregadora (no caso de servidor p\u00fablico);<\/li>\n<li>Alvar\u00e1 judicial designando o sucessor\/representante legal;<\/li>\n<li>Formal de partilha\/escritura p\u00fablica de invent\u00e1rio e partilha.<\/li>\n<\/ul>\n<p>&nbsp;<\/p>\n<p>&nbsp;<\/p>\n","protected":false},"excerpt":{"rendered":"<p>&nbsp; Cerca de 1,1 milh\u00e3o de mineiros ainda n\u00e3o realizaram o saque das Cotas do PIS. O prazo para que os cotistas com menos de 60 anos possam retirar o benef\u00edcio termina no dia 28 de setembro. De acordo com a Lei 13.677\/18 e Decreto 9.409\/18, os trabalhadores cadastrados entre 1971 e 4 de outubro [&hellip;]<\/p>\n","protected":false},"author":96,"featured_media":120592,"comment_status":"closed","ping_status":"closed","sticky":false,"template":"","format":"standard","meta":{"footnotes":""},"categories":[253,440,439],"tags":[],"class_list":["post-120590","post","type-post","status-publish","format-standard","has-post-thumbnail","hentry","category-cidade","category-destaques-do-dia","category-ultima-hora"],"_links":{"self":[{"href":"https:\/\/diarioregionaldigital.com.br\/index.php?rest_route=\/wp\/v2\/posts\/120590","targetHints":{"allow":["GET"]}}],"collection":[{"href":"https:\/\/diarioregionaldigital.com.br\/index.php?rest_route=\/wp\/v2\/posts"}],"about":[{"href":"https:\/\/diarioregionaldigital.com.br\/index.php?rest_route=\/wp\/v2\/types\/post"}],"author":[{"embeddable":true,"href":"https:\/\/diarioregionaldigital.com.br\/index.php?rest_route=\/wp\/v2\/users\/96"}],"replies":[{"embeddable":true,"href":"https:\/\/diarioregionaldigital.com.br\/index.php?rest_route=%2Fwp%2Fv2%2Fcomments&post=120590"}],"version-history":[{"count":0,"href":"https:\/\/diarioregionaldigital.com.br\/index.php?rest_route=\/wp\/v2\/posts\/120590\/revisions"}],"wp:featuredmedia":[{"embeddable":true,"href":"https:\/\/diarioregionaldigital.com.br\/index.php?rest_route=\/wp\/v2\/media\/120592"}],"wp:attachment":[{"href":"https:\/\/diarioregionaldigital.com.br\/index.php?rest_route=%2Fwp%2Fv2%2Fmedia&parent=120590"}],"wp:term":[{"taxonomy":"category","embeddable":true,"href":"https:\/\/diarioregionaldigital.com.br\/index.php?rest_route=%2Fwp%2Fv2%2Fcategories&post=120590"},{"taxonomy":"post_tag","embeddable":true,"href":"https:\/\/diarioregionaldigital.com.br\/index.php?rest_route=%2Fwp%2Fv2%2Ftags&post=120590"}],"curies":[{"name":"wp","href":"https:\/\/api.w.org\/{rel}","templated":true}]}}