{"id":120585,"date":"2018-09-25T06:00:23","date_gmt":"2018-09-25T09:00:23","guid":{"rendered":"https:\/\/diarioregionaldigital.com.br\/?p=120585"},"modified":"2018-09-24T17:51:08","modified_gmt":"2018-09-24T20:51:08","slug":"a-cidade-de-liberdade-capital-da-misericordia","status":"publish","type":"post","link":"https:\/\/diarioregionaldigital.com.br\/?p=120585","title":{"rendered":"A cidade de Liberdade, capital da Miseric\u00f3rdia"},"content":{"rendered":"<p>O territ\u00f3rio da Arquidiocese de Juiz de Fora abrange 37 munic\u00edpios e tr\u00eas regi\u00f5es. A maioria est\u00e1 na Zona da Mata mineira, alguns no Campo das Vertentes e outros no Sul de Minas. Nesta \u00faltima, se localiza a cidade de Liberdade, bela paragem emoldurada por exuberante natureza e habitada por gente simp\u00e1tica, jovial e progressista. Marcada por singular religiosidade de sua gente, centro de peregrina\u00e7\u00f5es, venera em sua tricenten\u00e1ria Matriz, a piedosa imagem do Senhor Bom Jesus do Livramento.<\/p>\n<p>&nbsp;<\/p>\n<p>O templo de extraordin\u00e1ria beleza, joia de um barroco tardio, mostra, no teto da capela-mor, nove quadros alusivos \u00e0 Paix\u00e3o, Morte e Ressurrei\u00e7\u00e3o de Cristo, atribu\u00eddos ao pincel de Joaquim Jos\u00e9 da Natividade, nascido em Sabar\u00e1 no s\u00e9culo 18 e falecido em Santa Maria do Baependi em 7 de setembro de 1841. Tendo se transformado em Santu\u00e1rio por decis\u00e3o arquidiocesana em 2008, foi agora agraciado com o t\u00edtulo de Bas\u00edlica, por d\u00e1diva da Congrega\u00e7\u00e3o para o Culto Divino e Disciplina dos Sacramentos, sob a autoridade do Papa Francisco. A cerim\u00f4nia de eleva\u00e7\u00e3o a este nobil\u00edssimo<strong>\u00a0<\/strong>car\u00e1ter se deu no dia 14 de setembro passado, festa lit\u00fargica da Exalta\u00e7\u00e3o da Santa Cruz, numa memor\u00e1vel celebra\u00e7\u00e3o.Vinda das par\u00f3quias, das comunidades, dos movimentos, das associa\u00e7\u00f5es, das pastorais, uma verdadeira multid\u00e3o se assomou ao imenso n\u00famero de peregrinos que todos os anos chegam para o Jubileu do Bom Jesus. Estando o Santu\u00e1rio na proximidade de tr\u00eas Estados (Minas, Rio e S\u00e3o Paulo), era a celebra\u00e7\u00e3o da catolicidade que ultrapassa limites geogr\u00e1ficos, sotaques e costumes.<\/p>\n<p>&nbsp;<\/p>\n<p>At\u00e9 mesmo a chuva fina que caiu exatamente no momento de se iniciar a Missa foi vista como um sinal de b\u00ean\u00e7\u00e3os que vinham do c\u00e9u para que, como num verdadeiro batismo, renovasse todas as coisas e todos os cora\u00e7\u00f5es. A transforma\u00e7\u00e3o da igreja oitocentista em Bas\u00edlica Menor representava n\u00e3o s\u00f3 um t\u00edtulo honor\u00edfico para o art\u00edstico edif\u00edcio, mas novo rosto espiritual para o local. Novo esp\u00edrito agora se sente naquele espa\u00e7o sagrado, sobretudo como sede da Miseric\u00f3rdia, porquanto recebeu o car\u00e1ter privilegiado das Indulg\u00eancias Plen\u00e1rias em v\u00e1rios dias do ano, a saber, 30 de maio, data da consagra\u00e7\u00e3o do templo; 29 de junho, dia de S\u00e3o Pedro e S\u00e3o Paulo; 6 de agosto, Transfigura\u00e7\u00e3o do Senhor, dia em que, em Roma, foram assinados os Decretos de cria\u00e7\u00e3o da Bas\u00edlica; o primeiro domingo de setembro, quando se inicia o Jubileu do Bom Jesus, e dia 14 de Setembro, festa patronal e data da instala\u00e7\u00e3o da Bas\u00edlica. Al\u00e9m disso, como prev\u00ea a Santa S\u00e9, qualquer dia do ano pode ser escolhido pelo fiel que deseje receber a referidas Indulg\u00eancias, cumpridas as normas para tal. Torna-se a cidade de Liberdade a capital da Miseric\u00f3rdia Divina para a Igreja Particular juiz-forana. Essas s\u00e3o chuvas de gra\u00e7as que a bondade infinita de Deus derrama sobre o povo fiel, tendo enviado seu Filho para padecer e morrer na cruz a fim de salvar a humanidade.<\/p>\n<p>&nbsp;<\/p>\n<p>Nunca houve, naquela Par\u00f3quia, celebra\u00e7\u00e3o com presen\u00e7a de tantos ministros ordenados.Eram cerca de 70 presb\u00edteros, in\u00fameros di\u00e1conos permanentes, sob a presid\u00eancia episcopal.A presen\u00e7a de todos os seminaristas da Arquidiocese de Juiz de Fora, acompanhados pelo Reitor e demais formadores, al\u00e9m de muitos provenientes de outros semin\u00e1rios diocesanos e religiosos conferiu ao evento lit\u00fargico car\u00e1ter in\u00e9dito.<\/p>\n<p>&nbsp;<\/p>\n<p>O rito da eleva\u00e7\u00e3o do templo a Bas\u00edlica Menor, nos momentos iniciais da Missa, incluindo o canto da ladainha dos Santos, a aspers\u00e3o do povo, a leitura do Decreto vindo de Roma, a Eucaristia em si, e o lucern\u00e1rio com milhares de velas acesas encheram os cora\u00e7\u00f5es dos fi\u00e9is de tal ardor espiritual que, de muitos se ouviu pelas ruas, ou pelas redes sociais ou outros instrumentos da comunica\u00e7\u00e3o: foi linda, emocionante, enriquecedora, fortalecedora da f\u00e9 a celebra\u00e7\u00e3o.Como Deus \u00e9 bom!<\/p>\n<p>&nbsp;<\/p>\n<p>Belas bas\u00edlicas sejam tamb\u00e9m nossos cora\u00e7\u00f5es e toda a nossa comunidade arquidiocesana, como relic\u00e1rios da miseric\u00f3rdia de Deus que nos liberta do mal e nos acolhe amorosamente em sua casa a toda hora.<\/p>\n<p>&nbsp;<\/p>\n<p><strong>\u00a0<\/strong><\/p>\n<p style=\"text-align: center;\"><strong>Dom Gil Ant\u00f4nio Moreira<\/strong><\/p>\n<p style=\"text-align: center;\"><strong>Arcebispo Metropolitano de Juiz de Fora<\/strong><\/p>\n","protected":false},"excerpt":{"rendered":"<p>O territ\u00f3rio da Arquidiocese de Juiz de Fora abrange 37 munic\u00edpios e tr\u00eas regi\u00f5es. A maioria est\u00e1 na Zona da Mata mineira, alguns no Campo das Vertentes e outros no Sul de Minas. Nesta \u00faltima, se localiza a cidade de Liberdade, bela paragem emoldurada por exuberante natureza e habitada por gente simp\u00e1tica, jovial e progressista. [&hellip;]<\/p>\n","protected":false},"author":96,"featured_media":97694,"comment_status":"closed","ping_status":"closed","sticky":false,"template":"","format":"standard","meta":{"footnotes":""},"categories":[436,276,439],"tags":[],"class_list":["post-120585","post","type-post","status-publish","format-standard","has-post-thumbnail","hentry","category-destaque-da-semana","category-dom-gil","category-ultima-hora"],"_links":{"self":[{"href":"https:\/\/diarioregionaldigital.com.br\/index.php?rest_route=\/wp\/v2\/posts\/120585","targetHints":{"allow":["GET"]}}],"collection":[{"href":"https:\/\/diarioregionaldigital.com.br\/index.php?rest_route=\/wp\/v2\/posts"}],"about":[{"href":"https:\/\/diarioregionaldigital.com.br\/index.php?rest_route=\/wp\/v2\/types\/post"}],"author":[{"embeddable":true,"href":"https:\/\/diarioregionaldigital.com.br\/index.php?rest_route=\/wp\/v2\/users\/96"}],"replies":[{"embeddable":true,"href":"https:\/\/diarioregionaldigital.com.br\/index.php?rest_route=%2Fwp%2Fv2%2Fcomments&post=120585"}],"version-history":[{"count":0,"href":"https:\/\/diarioregionaldigital.com.br\/index.php?rest_route=\/wp\/v2\/posts\/120585\/revisions"}],"wp:featuredmedia":[{"embeddable":true,"href":"https:\/\/diarioregionaldigital.com.br\/index.php?rest_route=\/wp\/v2\/media\/97694"}],"wp:attachment":[{"href":"https:\/\/diarioregionaldigital.com.br\/index.php?rest_route=%2Fwp%2Fv2%2Fmedia&parent=120585"}],"wp:term":[{"taxonomy":"category","embeddable":true,"href":"https:\/\/diarioregionaldigital.com.br\/index.php?rest_route=%2Fwp%2Fv2%2Fcategories&post=120585"},{"taxonomy":"post_tag","embeddable":true,"href":"https:\/\/diarioregionaldigital.com.br\/index.php?rest_route=%2Fwp%2Fv2%2Ftags&post=120585"}],"curies":[{"name":"wp","href":"https:\/\/api.w.org\/{rel}","templated":true}]}}