{"id":120536,"date":"2018-09-24T14:10:54","date_gmt":"2018-09-24T17:10:54","guid":{"rendered":"https:\/\/diarioregionaldigital.com.br\/?p=120536"},"modified":"2018-09-24T15:59:18","modified_gmt":"2018-09-24T18:59:18","slug":"confira-o-resultado-da-grande-final-do-premium-fm-festival","status":"publish","type":"post","link":"https:\/\/diarioregionaldigital.com.br\/?p=120536","title":{"rendered":"Confira o resultado da Grande Final do Premium FM Festival"},"content":{"rendered":"<p>A noite da final do Premium FM Festival, no \u00faltimo domingo dia 23, foi marcada pela celebra\u00e7\u00e3o da m\u00fasica autoral de Juiz de Fora e Regi\u00e3o. Os 10 finalistas do festival subiram ao palco e fizeram da final um show excepcional, e que representou a grande diversidade da m\u00fasica brasileira, pois cada um com seu estilo musical conseguiu imprimir a identidade \u00edmpar que nossa m\u00fasica expressa em cada acorde.<\/p>\n<p>Al\u00e9m da apresenta\u00e7\u00e3o dos finalistas, a noite contou com a apresenta\u00e7\u00e3o de dois artistas de Juiz de Fora, que representaram a cidade no Pr\u00eamio da M\u00fasica Brasileira, Sandra Portella e Thiago Miranda que abrilhantaram a final do festival com sua m\u00fasica.<\/p>\n<p>Muito al\u00e9m do esp\u00edrito de competi\u00e7\u00e3o a noite da final representou a celebra\u00e7\u00e3o da m\u00fasica como um todo, com a soma dos esfor\u00e7os dos finalistas, do p\u00fablico, dos jurados, Sandra Portella, Jos\u00e9 Roberto Abramo e Pablo Zanchetta, e de todos os envolvidos no planejamento, produ\u00e7\u00e3o e execu\u00e7\u00e3o do evento.<\/p>\n<p>O primeiro pr\u00eamio da noite foi para a melhor int\u00e9rprete, que foi escolhida exclusivamente pelos jurados. A grande vencedora foi a cantora e compositora <a href=\"https:\/\/www.facebook.com\/laurajannuzzioficial\/\"><strong>Laura Jannuzi<\/strong><\/a>, que recebeu das m\u00e3os do m\u00fasico Thiago Miranda, o Trof\u00e9u Jane Arag\u00e3o de melhor int\u00e9rprete.<\/p>\n<p>A partir de ent\u00e3o, a premia\u00e7\u00e3o foi realizada entre os 10\u00a0 finalistas, a partir da soma de pontua\u00e7\u00f5es obtidas pelas vota\u00e7\u00f5es no Aplicativo de Di\u00e1rio Regional e na p\u00e1gina do Facebook da <a href=\"https:\/\/www.facebook.com\/radiopremiumfm\/\">Premium FM 107,7<\/a>, pela venda de ingressos e pelo voto dos jurados que acompanharam toda a apresenta\u00e7\u00e3o.<\/p>\n<p>Em terceiro lugar se classificou a banda <a href=\"https:\/\/www.facebook.com\/bandaraizdolotus\/\"><strong>Raiz do L\u00f3tus<\/strong><\/a> com uma soma geral de 2.490 pontos. Como premia\u00e7\u00e3o eles receberam o trof\u00e9u Premium FM, a participa\u00e7\u00e3o no DVD do Festival e a inser\u00e7\u00e3o da m\u00fasica \u201cJuro que eh!\u201d na programa\u00e7\u00e3o da R\u00e1dio Premium FM.<\/p>\n<p>Em segundo lugar se classificou a banda <a href=\"https:\/\/www.facebook.com\/bandact\/\"><strong>Contratempo<\/strong><\/a>, que com um diferen\u00e7a m\u00ednima da primeira colocada, se classificou com 2.923 pontos no geral. A premia\u00e7\u00e3o deles inclui o Trof\u00e9u Premium FM, o valor de R$1.000,00 em dinheiro,\u00a0 apresenta\u00e7\u00e3o na noite de gala do Pr\u00eamio Josino Arag\u00e3o, participa\u00e7\u00e3o no DVD do Festival e a inser\u00e7\u00e3o da m\u00fasica \u201cNovas dire\u00e7\u00f5es\u201d na programa\u00e7\u00e3o da R\u00e1dio Premium FM.<\/p>\n<p>E em primeiro lugar se classificou a banda <a href=\"https:\/\/www.facebook.com\/ConClavee\/\"><strong>Conclave<\/strong><\/a>, que obteve uma soma de 2.937 pontos na classifica\u00e7\u00e3o geral. Os grandes vencedores receberam como premia\u00e7\u00e3o o Trof\u00e9u Premium FM, o valor de R$2.000,00 em dinheiro,\u00a0apresenta\u00e7\u00e3o na noite de gala do Pr\u00eamio Josino Arag\u00e3o, grava\u00e7\u00e3o de um v\u00eddeo clip, participa\u00e7\u00e3o no DVD do Festival e a inser\u00e7\u00e3o da m\u00fasica \u201cO pr\u00f3prio medo\u201d na programa\u00e7\u00e3o da R\u00e1dio Premium FM.<\/p>\n<p>Todos os concorrentes receberam o trof\u00e9u pela participa\u00e7\u00e3o e a classifica\u00e7\u00e3o geral pode ser conferida na tabela abaixo.<\/p>\n<div id=\"attachment_120537\" style=\"width: 3065px\" class=\"wp-caption aligncenter\"><img loading=\"lazy\" decoding=\"async\" aria-describedby=\"caption-attachment-120537\" class=\"size-full wp-image-120537\" src=\"https:\/\/diarioregionaldigital.com.br\/wp-content\/uploads\/2018\/09\/TABELA-PREMIUM-FINAL-OK.png\" alt=\"\" width=\"3055\" height=\"2137\" srcset=\"https:\/\/diarioregionaldigital.com.br\/wp-content\/uploads\/2018\/09\/TABELA-PREMIUM-FINAL-OK.png 3055w, https:\/\/diarioregionaldigital.com.br\/wp-content\/uploads\/2018\/09\/TABELA-PREMIUM-FINAL-OK-300x210.png 300w, https:\/\/diarioregionaldigital.com.br\/wp-content\/uploads\/2018\/09\/TABELA-PREMIUM-FINAL-OK-768x537.png 768w, https:\/\/diarioregionaldigital.com.br\/wp-content\/uploads\/2018\/09\/TABELA-PREMIUM-FINAL-OK-1024x716.png 1024w, https:\/\/diarioregionaldigital.com.br\/wp-content\/uploads\/2018\/09\/TABELA-PREMIUM-FINAL-OK-360x252.png 360w, https:\/\/diarioregionaldigital.com.br\/wp-content\/uploads\/2018\/09\/TABELA-PREMIUM-FINAL-OK-100x70.png 100w\" sizes=\"auto, (max-width: 3055px) 100vw, 3055px\" \/><p id=\"caption-attachment-120537\" class=\"wp-caption-text\">Tabela de classifica\u00e7\u00e3o geral dos finalistas do Premium FM Festival.<\/p><\/div>\n<p>&nbsp;<\/p>\n","protected":false},"excerpt":{"rendered":"<p>A noite da final do Premium FM Festival, no \u00faltimo domingo dia 23, foi marcada pela celebra\u00e7\u00e3o da m\u00fasica autoral de Juiz de Fora e Regi\u00e3o. Os 10 finalistas do festival subiram ao palco e fizeram da final um show excepcional, e que representou a grande diversidade da m\u00fasica brasileira, pois cada um com seu [&hellip;]<\/p>\n","protected":false},"author":96,"featured_media":120539,"comment_status":"closed","ping_status":"closed","sticky":false,"template":"","format":"standard","meta":{"footnotes":""},"categories":[434,443,439],"tags":[],"class_list":["post-120536","post","type-post","status-publish","format-standard","has-post-thumbnail","hentry","category-blog","category-premium-festival","category-ultima-hora"],"_links":{"self":[{"href":"https:\/\/diarioregionaldigital.com.br\/index.php?rest_route=\/wp\/v2\/posts\/120536","targetHints":{"allow":["GET"]}}],"collection":[{"href":"https:\/\/diarioregionaldigital.com.br\/index.php?rest_route=\/wp\/v2\/posts"}],"about":[{"href":"https:\/\/diarioregionaldigital.com.br\/index.php?rest_route=\/wp\/v2\/types\/post"}],"author":[{"embeddable":true,"href":"https:\/\/diarioregionaldigital.com.br\/index.php?rest_route=\/wp\/v2\/users\/96"}],"replies":[{"embeddable":true,"href":"https:\/\/diarioregionaldigital.com.br\/index.php?rest_route=%2Fwp%2Fv2%2Fcomments&post=120536"}],"version-history":[{"count":0,"href":"https:\/\/diarioregionaldigital.com.br\/index.php?rest_route=\/wp\/v2\/posts\/120536\/revisions"}],"wp:featuredmedia":[{"embeddable":true,"href":"https:\/\/diarioregionaldigital.com.br\/index.php?rest_route=\/wp\/v2\/media\/120539"}],"wp:attachment":[{"href":"https:\/\/diarioregionaldigital.com.br\/index.php?rest_route=%2Fwp%2Fv2%2Fmedia&parent=120536"}],"wp:term":[{"taxonomy":"category","embeddable":true,"href":"https:\/\/diarioregionaldigital.com.br\/index.php?rest_route=%2Fwp%2Fv2%2Fcategories&post=120536"},{"taxonomy":"post_tag","embeddable":true,"href":"https:\/\/diarioregionaldigital.com.br\/index.php?rest_route=%2Fwp%2Fv2%2Ftags&post=120536"}],"curies":[{"name":"wp","href":"https:\/\/api.w.org\/{rel}","templated":true}]}}