{"id":120533,"date":"2018-09-24T12:50:44","date_gmt":"2018-09-24T15:50:44","guid":{"rendered":"https:\/\/diarioregionaldigital.com.br\/?p=120533"},"modified":"2018-09-24T12:50:44","modified_gmt":"2018-09-24T15:50:44","slug":"projeto-de-lei-que-atualiza-legislacao-ambiental-de-juiz-de-fora-e-aprovado-pelo-legislativo","status":"publish","type":"post","link":"https:\/\/diarioregionaldigital.com.br\/?p=120533","title":{"rendered":"Projeto de Lei que atualiza legisla\u00e7\u00e3o ambiental de Juiz de Fora \u00e9 aprovado pelo legislativo"},"content":{"rendered":"<div>\n<p>O projeto de lei do vereador Z\u00e9 M\u00e1rcio Garotinho (PV) que atualiza a legisla\u00e7\u00e3o ambiental e disp\u00f5e sobre a fiscaliza\u00e7\u00e3o em \u00e1reas das bacias de contribui\u00e7\u00e3o dos mananciais e \u00e1reas de preserva\u00e7\u00e3o permanente foi aprovado em terceira discuss\u00e3o.<\/p>\n<p>De acordo com a proposi\u00e7\u00e3o, o Poder Executivo, por interm\u00e9dio do \u00f3rg\u00e3o executor do Sistema Municipal de Meio Ambiente e Desenvolvimento Sustent\u00e1vel (Sismad), fiscalizar\u00e1 de forma rigorosa e permanente as \u00e1reas das bacias de contribui\u00e7\u00e3o dos mananciais utilizados para abastecimento humano e \u00e1reas de preserva\u00e7\u00e3o permanente do munic\u00edpio, a fim de evitar qualquer possibilidade de contamina\u00e7\u00e3o ou polui\u00e7\u00e3o da \u00e1gua que \u00e9 servida \u00e0 popula\u00e7\u00e3o.<\/p>\n<p>Os infratores do disposto nesta lei se sujeitar\u00e3o \u00e0s penalidades previstas na legisla\u00e7\u00e3o ambiental. Todos os autos de infra\u00e7\u00e3o lavrados pelo \u00f3rg\u00e3o executor do Sismad relativamente a danos aos recursos h\u00eddricos e\/ou \u00e0s \u00e1reas de preserva\u00e7\u00e3o permanente dever\u00e3o ser comunicados ao Conselho Municipal de Meio Ambiente e ao Minist\u00e9rio p\u00fablico do Estado de Minas Gerais.<\/p>\n<p>O \u00f3rg\u00e3o executor do Sismad poder\u00e1, sempre que entender necess\u00e1rio, requisitar o apoio de outros \u00f3rg\u00e3os, como Pol\u00edcia Militar, Cesama e outros visando o cumprimento desta lei.<\/p>\n<p>&nbsp;<\/p>\n<p>Fonte: Assessoria C\u00e2mara JF<\/p>\n<\/div>\n<div><\/div>\n","protected":false},"excerpt":{"rendered":"<p>O projeto de lei do vereador Z\u00e9 M\u00e1rcio Garotinho (PV) que atualiza a legisla\u00e7\u00e3o ambiental e disp\u00f5e sobre a fiscaliza\u00e7\u00e3o em \u00e1reas das bacias de contribui\u00e7\u00e3o dos mananciais e \u00e1reas de preserva\u00e7\u00e3o permanente foi aprovado em terceira discuss\u00e3o. De acordo com a proposi\u00e7\u00e3o, o Poder Executivo, por interm\u00e9dio do \u00f3rg\u00e3o executor do Sistema Municipal de [&hellip;]<\/p>\n","protected":false},"author":96,"featured_media":120534,"comment_status":"closed","ping_status":"closed","sticky":false,"template":"","format":"standard","meta":{"footnotes":""},"categories":[254,439],"tags":[],"class_list":["post-120533","post","type-post","status-publish","format-standard","has-post-thumbnail","hentry","category-politica","category-ultima-hora"],"_links":{"self":[{"href":"https:\/\/diarioregionaldigital.com.br\/index.php?rest_route=\/wp\/v2\/posts\/120533","targetHints":{"allow":["GET"]}}],"collection":[{"href":"https:\/\/diarioregionaldigital.com.br\/index.php?rest_route=\/wp\/v2\/posts"}],"about":[{"href":"https:\/\/diarioregionaldigital.com.br\/index.php?rest_route=\/wp\/v2\/types\/post"}],"author":[{"embeddable":true,"href":"https:\/\/diarioregionaldigital.com.br\/index.php?rest_route=\/wp\/v2\/users\/96"}],"replies":[{"embeddable":true,"href":"https:\/\/diarioregionaldigital.com.br\/index.php?rest_route=%2Fwp%2Fv2%2Fcomments&post=120533"}],"version-history":[{"count":0,"href":"https:\/\/diarioregionaldigital.com.br\/index.php?rest_route=\/wp\/v2\/posts\/120533\/revisions"}],"wp:featuredmedia":[{"embeddable":true,"href":"https:\/\/diarioregionaldigital.com.br\/index.php?rest_route=\/wp\/v2\/media\/120534"}],"wp:attachment":[{"href":"https:\/\/diarioregionaldigital.com.br\/index.php?rest_route=%2Fwp%2Fv2%2Fmedia&parent=120533"}],"wp:term":[{"taxonomy":"category","embeddable":true,"href":"https:\/\/diarioregionaldigital.com.br\/index.php?rest_route=%2Fwp%2Fv2%2Fcategories&post=120533"},{"taxonomy":"post_tag","embeddable":true,"href":"https:\/\/diarioregionaldigital.com.br\/index.php?rest_route=%2Fwp%2Fv2%2Ftags&post=120533"}],"curies":[{"name":"wp","href":"https:\/\/api.w.org\/{rel}","templated":true}]}}