{"id":120521,"date":"2018-09-24T11:41:17","date_gmt":"2018-09-24T14:41:17","guid":{"rendered":"https:\/\/diarioregionaldigital.com.br\/?p=120521"},"modified":"2018-09-24T11:41:17","modified_gmt":"2018-09-24T14:41:17","slug":"semana-paralimpica-mais-de-60-competidores-participam-do-atletismo","status":"publish","type":"post","link":"https:\/\/diarioregionaldigital.com.br\/?p=120521","title":{"rendered":"\u201cSemana Paral\u00edmpica\u201d: mais de 60 competidores participam do atletismo"},"content":{"rendered":"<p>Debaixo da tenda, Maria Helena de Souza, m\u00e3e de Ang\u00e9lica Pereira de Souza, observava a primeira participa\u00e7\u00e3o da filha em uma prova de atletismo na 11\u00aa \u201cSemana Paral\u00edmpica\u201d, organizada pela Secretaria de Esporte e Lazer (SEL) da Prefeitura de Juiz de Fora (PJF). Com ela, cerca de outras 60 crian\u00e7as, jovens e adultos, com defici\u00eancia visual, auditiva, intelectual e f\u00edsica fizeram uma grande festa.<\/p>\n<p>Na pista da Faculdade de Educa\u00e7\u00e3o F\u00edsica e Desporto (Faefid) da Universidade Federal de Juiz de Fora (UFJF), Ang\u00e9lica, cadeirante, disputou a prova dos cem metros para sua categoria com mais um atleta. O clima n\u00e3o era de rivalidade, mas de supera\u00e7\u00e3o e torcida. Mesmo os que chegavam por \u00faltimo, ouviam os colegas, parentes e professores gritarem seus nomes. Ang\u00e9lica, 26 anos, sentiu-se \u00e0 vontade entre os participantes: \u201cOs cadeirantes t\u00eam que sair de casa. Achei muito bom poder estar aqui. Para o que me convidarem, \u00b4eu t\u00f4 na \u00e1rea`!\u201d.<\/p>\n<p>Al\u00e9m das corridas, a modalidade abrange, ainda, salto em dist\u00e2ncia, lan\u00e7amento de disco e arremesso de peso, tanto no feminino quanto no masculino. Os atletas do JF Paral\u00edmpico confraternizaram com estudantes do CEM, da Escola Municipal (E.M.) \u201cThereza Falci\u201d, das escolas estaduais (E.E) \u201cAli Halfeld\u201d, \u201cEstev\u00e3o de Oliveira\u201d, \u201cMaria das Dores de Souza\u201d, \u201cProfessor Lopes\u201d e \u201cJos\u00e9 Freire\u201d, de Juiz de Fora, e das E.M. \u201cAtaualpa Duque\u201d e \u201cJoaquim Lemes\u201d, da cidade de Olaria, e E.E \u201cJoaquim Alves de Carvalho\u201d, de Lima Duarte.<\/p>\n<p>Os visitantes de Olaria levaram o primeiro lugar em quatro provas: a aluna Let\u00edcia Gomes foi a melhor nos cem metros rasos e no salto em dist\u00e2ncia feminino. Ana Clara Delgado, no lan\u00e7amento de pelota feminino e Maicon Ant\u00f4nio Gomes, no lan\u00e7amento de pelota masculino. Os alunos do JF Paral\u00edmpico tamb\u00e9m se destacaram: Bruno Guedes foi o melhor nos 1.500 metros rasos masculino; Jos\u00e9 Augusto de Andrade, no arremesso de peso misto; e Ros\u00e2ngela Celestino, no lan\u00e7amento de disco. A E.E. \u201cProfessor Lopes\u201d foi vitoriosa nos cem metros de caminhada masculino e feminino, com Luiz Guilherme Cunha e Amanda Rodrigues. A E.E. \u201cMaria das Dores de Souza\u201d, atrav\u00e9s do aluno Washington Luiz da Silva, levou a prova dos cem metros rasos e do salto em dist\u00e2ncia masculino. Os 400 metros rasos masculino ficou com \u00c9rick Laureano Correia, da E.E \u201cEstev\u00e3o de Oliveira\u201d, e o feminino, com Evelyn Hon\u00f3rio Matos, da E.E. \u201cAli Halfeld\u201d.<\/p>\n<p>Foram realizadas 14 provas. Atletismo \u00e9 a pen\u00faltima modalidade realizada na Semana Paral\u00edmpica. No s\u00e1bado, 22, acontece a nata\u00e7\u00e3o. A \u201cSemana Paral\u00edmpica\u201d contou com o apoio de estudantes das universidades \u201cNorte do Paran\u00e1\u201d (Unopar) e \u201cSalgado de Oliveira\u201d (Universo).<\/p>\n<p><strong>Fonte: Assessoria\/SEL<\/strong><\/p>\n<p>&nbsp;<\/p>\n","protected":false},"excerpt":{"rendered":"<p>Debaixo da tenda, Maria Helena de Souza, m\u00e3e de Ang\u00e9lica Pereira de Souza, observava a primeira participa\u00e7\u00e3o da filha em uma prova de atletismo na 11\u00aa \u201cSemana Paral\u00edmpica\u201d, organizada pela Secretaria de Esporte e Lazer (SEL) da Prefeitura de Juiz de Fora (PJF). Com ela, cerca de outras 60 crian\u00e7as, jovens e adultos, com defici\u00eancia [&hellip;]<\/p>\n","protected":false},"author":96,"featured_media":120522,"comment_status":"closed","ping_status":"closed","sticky":false,"template":"","format":"standard","meta":{"footnotes":""},"categories":[257,439],"tags":[],"class_list":["post-120521","post","type-post","status-publish","format-standard","has-post-thumbnail","hentry","category-esporte","category-ultima-hora"],"_links":{"self":[{"href":"https:\/\/diarioregionaldigital.com.br\/index.php?rest_route=\/wp\/v2\/posts\/120521","targetHints":{"allow":["GET"]}}],"collection":[{"href":"https:\/\/diarioregionaldigital.com.br\/index.php?rest_route=\/wp\/v2\/posts"}],"about":[{"href":"https:\/\/diarioregionaldigital.com.br\/index.php?rest_route=\/wp\/v2\/types\/post"}],"author":[{"embeddable":true,"href":"https:\/\/diarioregionaldigital.com.br\/index.php?rest_route=\/wp\/v2\/users\/96"}],"replies":[{"embeddable":true,"href":"https:\/\/diarioregionaldigital.com.br\/index.php?rest_route=%2Fwp%2Fv2%2Fcomments&post=120521"}],"version-history":[{"count":0,"href":"https:\/\/diarioregionaldigital.com.br\/index.php?rest_route=\/wp\/v2\/posts\/120521\/revisions"}],"wp:featuredmedia":[{"embeddable":true,"href":"https:\/\/diarioregionaldigital.com.br\/index.php?rest_route=\/wp\/v2\/media\/120522"}],"wp:attachment":[{"href":"https:\/\/diarioregionaldigital.com.br\/index.php?rest_route=%2Fwp%2Fv2%2Fmedia&parent=120521"}],"wp:term":[{"taxonomy":"category","embeddable":true,"href":"https:\/\/diarioregionaldigital.com.br\/index.php?rest_route=%2Fwp%2Fv2%2Fcategories&post=120521"},{"taxonomy":"post_tag","embeddable":true,"href":"https:\/\/diarioregionaldigital.com.br\/index.php?rest_route=%2Fwp%2Fv2%2Ftags&post=120521"}],"curies":[{"name":"wp","href":"https:\/\/api.w.org\/{rel}","templated":true}]}}