{"id":120515,"date":"2018-09-24T11:36:04","date_gmt":"2018-09-24T14:36:04","guid":{"rendered":"https:\/\/diarioregionaldigital.com.br\/?p=120515"},"modified":"2018-09-24T11:36:04","modified_gmt":"2018-09-24T14:36:04","slug":"flamengo-vence-atletico-mg-e-segue-na-cola-dos-lideres","status":"publish","type":"post","link":"https:\/\/diarioregionaldigital.com.br\/?p=120515","title":{"rendered":"Flamengo vence Atl\u00e9tico-MG e segue na cola dos l\u00edderes"},"content":{"rendered":"<p>Tentando retomar o equil\u00edbrio no Brasileir\u00e3o e n\u00e3o desgrudar dos l\u00edderes, o Flamengo conquistou importante vit\u00f3ria neste domingo, 23, \u00a0no Maracan\u00e3. O Rubro-Negro derrotou o Atl\u00e9tico-MG por 2 a 1, com gols de Willian Ar\u00e3o e Lucas Paquet\u00e1. O zagueiro L\u00e9o Silva descontou para o Galo em duelo foi v\u00e1lido pela 26\u00aa rodada do Campeonato Brasileiro.<\/p>\n<p>O triunfo coloca o o Flamengo na terceira posi\u00e7\u00e3o na tabela, com 48 pontos. Mas o Rubro-Negro poder perder a posi\u00e7\u00e3o para o Palmeiras, que enfrenta o Sport neste domingo, 23. J\u00e1 o Atl\u00e9tico-MG segue em sexto, com 42 somados.<\/p>\n<p>O torcedor que chegou tarde no Maracan\u00e3 perdeu o gol do Flamengo. Logo no primeiro minuto, Trauco rolou para Ar\u00e3o na \u00e1rea. O volante pegou de primeira e fez 1 a 0. O Galo demorou a assimilar o gol, mas quando conseguiu, buscou o empate com L\u00e9o Silva, que completou escanteio cobrado por Luan. O Galo at\u00e9 demorou para assimilar o golpe, mas conseguiu chegar ao empate. Na marca dos 22, L\u00e9o Silva ganhou no alto, em escanteio cobrado por Luan, e igualou para o Atl\u00e9tico-MG. Aos 35 minutos, por pouco os visitantes n\u00e3o viraram com Char\u00e1, que desperdi\u00e7ou chance cara a cara com Diego Alves.<\/p>\n<p>O Flamengo voltou do intervalo buscando o resultado positivo no Maraca. Aos oito minutos, Lucas Paquet\u00e1 pareceu livre na segunda trave para cabecear e colocar o Rubro-Negro novamente \u00e0 frente no marcador. Nos minutos seguintes o Galo tentou imprimir verdadeira press\u00e3o. A chance mais clara veio aos 30 minutos, quando F\u00e1bio Santos acertou bola na trave que contou com desvio de L\u00e9o Duarte. Aos 45 minutos Denilson rolou para L\u00e9o Silva, que mandou uma bomba e quase fez um belo gol. Aos jogadores do Flamengo, s\u00f3 restou torcer. No \u00faltimo lance do jogo, Cazares acertou a trave em cobran\u00e7a de falta.<\/p>\n<p><strong>Fonte: CBF <\/strong><\/p>\n<p>&nbsp;<\/p>\n","protected":false},"excerpt":{"rendered":"<p>Tentando retomar o equil\u00edbrio no Brasileir\u00e3o e n\u00e3o desgrudar dos l\u00edderes, o Flamengo conquistou importante vit\u00f3ria neste domingo, 23, \u00a0no Maracan\u00e3. O Rubro-Negro derrotou o Atl\u00e9tico-MG por 2 a 1, com gols de Willian Ar\u00e3o e Lucas Paquet\u00e1. O zagueiro L\u00e9o Silva descontou para o Galo em duelo foi v\u00e1lido pela 26\u00aa rodada do Campeonato [&hellip;]<\/p>\n","protected":false},"author":96,"featured_media":120516,"comment_status":"closed","ping_status":"closed","sticky":false,"template":"","format":"standard","meta":{"footnotes":""},"categories":[257,439],"tags":[],"class_list":["post-120515","post","type-post","status-publish","format-standard","has-post-thumbnail","hentry","category-esporte","category-ultima-hora"],"_links":{"self":[{"href":"https:\/\/diarioregionaldigital.com.br\/index.php?rest_route=\/wp\/v2\/posts\/120515","targetHints":{"allow":["GET"]}}],"collection":[{"href":"https:\/\/diarioregionaldigital.com.br\/index.php?rest_route=\/wp\/v2\/posts"}],"about":[{"href":"https:\/\/diarioregionaldigital.com.br\/index.php?rest_route=\/wp\/v2\/types\/post"}],"author":[{"embeddable":true,"href":"https:\/\/diarioregionaldigital.com.br\/index.php?rest_route=\/wp\/v2\/users\/96"}],"replies":[{"embeddable":true,"href":"https:\/\/diarioregionaldigital.com.br\/index.php?rest_route=%2Fwp%2Fv2%2Fcomments&post=120515"}],"version-history":[{"count":0,"href":"https:\/\/diarioregionaldigital.com.br\/index.php?rest_route=\/wp\/v2\/posts\/120515\/revisions"}],"wp:featuredmedia":[{"embeddable":true,"href":"https:\/\/diarioregionaldigital.com.br\/index.php?rest_route=\/wp\/v2\/media\/120516"}],"wp:attachment":[{"href":"https:\/\/diarioregionaldigital.com.br\/index.php?rest_route=%2Fwp%2Fv2%2Fmedia&parent=120515"}],"wp:term":[{"taxonomy":"category","embeddable":true,"href":"https:\/\/diarioregionaldigital.com.br\/index.php?rest_route=%2Fwp%2Fv2%2Fcategories&post=120515"},{"taxonomy":"post_tag","embeddable":true,"href":"https:\/\/diarioregionaldigital.com.br\/index.php?rest_route=%2Fwp%2Fv2%2Ftags&post=120515"}],"curies":[{"name":"wp","href":"https:\/\/api.w.org\/{rel}","templated":true}]}}