{"id":120511,"date":"2018-09-24T11:04:42","date_gmt":"2018-09-24T14:04:42","guid":{"rendered":"https:\/\/diarioregionaldigital.com.br\/?p=120511"},"modified":"2018-09-24T11:07:24","modified_gmt":"2018-09-24T14:07:24","slug":"secretario-admite-que-pode-fechar-o-ano-sem-elucidar-caso-marielle","status":"publish","type":"post","link":"https:\/\/diarioregionaldigital.com.br\/?p=120511","title":{"rendered":"Secret\u00e1rio admite que pode fechar o ano sem elucidar caso Marielle"},"content":{"rendered":"<p>Carioca, o general Richard Nunes est\u00e1 desde fevereiro \u00e0 frente da Secretaria de Seguran\u00e7a do Rio de Janeiro. Nesta entrevista, ele revela que vive 24 horas e sete dias por semana os problemas da seguran\u00e7a do estado. Durante pouco mais de uma hora, o general\u00a0n\u00e3o descartou a possibilidade de concluir o ano sem a elucida\u00e7\u00e3o do duplo assassinato da vereadora Marielle Franco (PSOL-RJ) e de seu motorista, Anderson Gomes. \u201cEu sempre falei com essa cautela. Eu nunca fiquei dizendo neg\u00f3cio de data. Existe a possibilidade de fechar? Existe. E existe a possibilidade de a gente ter um pouco mais de dificuldade e levar um pouco mais de tempo.\u201d<br \/>\nMarielle Franco e Anderson foram assassinados a tiros, em 14 de mar\u00e7o deste ano, ap\u00f3s um evento pol\u00edtico no centro do Rio de Janeiro. O crime causou como\u00e7\u00e3o internacional. O papa Francisco se manifestou sobre o epis\u00f3dio ao apelar por provid\u00eancias. Mais de uma vez, houve a discuss\u00e3o da transfer\u00eancia do comando das investiga\u00e7\u00f5es, sob tutela da Pol\u00edcia Civil do Rio, para a Pol\u00edcia Federal.<\/p>\n<p>Richard Nunes, entretanto, se demonstra prud\u00eancia na solu\u00e7\u00e3o do duplo assassinato, esbanja firmeza ao falar do legado que deixar\u00e1 em 31 de dezembro, quando termina a interven\u00e7\u00e3o. O principal \u00e9 a retomada do orgulho e da credibilidade das pol\u00edcias Civil e Militar. E tamb\u00e9m o fortalecimento das corpora\u00e7\u00f5es, com a efetiva\u00e7\u00e3o de novos policiais como oficiais de cart\u00f3rio, pra\u00e7as, papiloscopista e um concurso para delegados.<\/p>\n<p>O chefe da Seguran\u00e7a no estado disse tamb\u00e9m que est\u00e1 tudo pronto para as elei\u00e7\u00f5es de outubro. Haver\u00e1 um gabinete de crise, nos moldes do implementado durante a paralisa\u00e7\u00e3o dos caminhoneiros, em maio, mas desta vez, sem crise. Ser\u00e3o empregados 20 mil militares. No Rio, muitos candidatos s\u00e3o investigados por associa\u00e7\u00e3o com traficantes e milicianos.<\/p>\n<p>O general\u00a0est\u00e1 otimista quanto aos n\u00fameros do Instituto de Seguran\u00e7a P\u00fablica (ISP) em rela\u00e7\u00e3o a este m\u00eas de setembro. Segundo ele, as pr\u00e9vias mostram \u201cque todos os \u00edndices devem baixar\u201d, inclusive os de homic\u00eddios por confrontos no estado, que em agosto, subiram mais de 150%.<\/p>\n<p><strong>Homic\u00eddios em confronto com policiais<\/strong><\/p>\n<p>&#8220;Foi o \u00fanico \u00edndice que destoou. Estamos fazendo duas grandes manobras. E \u00e9 um paradigma daquilo que a gente vinha tolerando. O estado estava quebrado. N\u00e3o tinha recursos. O policiamento caiu muito, e o criminoso \u00e9 um ser adapt\u00e1vel ao ambiente. Agora vamos atuar em cima das manchas criminais e a\u00ed n\u00f3s estamos nos defrontando com aqueles criminosos que estavam tendo uma certa liberdade. E eles t\u00eam sido resistentes a se adaptar a um novo cen\u00e1rio. O suporte log\u00edstico da atividade criminosa foi muito afetado. Na realidade, a gente quebrou a autonomia dessas fac\u00e7\u00f5es. Em nenhum momento n\u00f3s temos pol\u00edtica de enfrentamento&#8221;.<\/p>\n<p><strong>Unidades de Pol\u00edcia Pacificadoras (UPPs)<\/strong><\/p>\n<p>&#8220;\u00c9 preciso redesenhar o patrulhamento. E isso tem dado problema. Vamos falar o portugu\u00eas claro: a gente fingia que tinha pol\u00edcia e a sociedade acreditava. Certas UPPs nossas n\u00e3o passam de uma colet\u00e2nea de bases. O policial tem de tomar conta daquela instala\u00e7\u00e3o e \u00e9 incapaz de patrulhar aquela \u00e1rea. No momento em que a gente transforma a UPP em companhia de batalh\u00e3o, passa a ter patrulhamento. Passa a dar mobilidade. E aquelas UPPs de \u00e1reas restritas em que \u00e9 poss\u00edvel manter, n\u00f3s vamos manter. A Provid\u00eancia vai continuar. Santa Marta vai continuar. A Rocinha a gente est\u00e1 estudando, mas \u00e9 dif\u00edcil imaginar que a gente possa ter uma UPP numa \u00e1rea t\u00e3o grande. A solu\u00e7\u00e3o definitiva para a Rocinha ainda n\u00e3o est\u00e1 definida. Na Cidade de Deus e Vila Kennedy, tamb\u00e9m n\u00e3o d\u00e1. \u00c9 complicado&#8221;.<\/p>\n<p><strong>Delegacias de pol\u00edcia<\/strong><\/p>\n<p>&#8220;Isso est\u00e1 sendo resolvido agora com o Fundo Estadual de Investimentos e A\u00e7\u00f5es de Seguran\u00e7a P\u00fablica e Desenvolvimento Social (Fised)). \u00c9 aquele fundo de 5% dos <em>royalties<\/em> do petr\u00f3leo. Ele s\u00f3 vai sair pelo esfor\u00e7o da interven\u00e7\u00e3o. At\u00e9 para reunir o conselho foi uma luta. A primeira parcela, de R$92 milh\u00f5es, j\u00e1 est\u00e1 em execu\u00e7\u00e3o. A segunda parcela, de R$103 milh\u00f5es, n\u00f3s vamos bater o martelo no dia 3 de outubro. A terceira parcela\u00a0 depende da arrecada\u00e7\u00e3o at\u00e9 o final do ano, s\u00f3 vai entrar praticamente em janeiro. Se considerarmos uns R$300 milh\u00f5es de <em>royalties<\/em>, para a seguran\u00e7a p\u00fablica s\u00e3o uns R$225 milh\u00f5es. \u00c9 bastante dinheiro. Este ano a gente est\u00e1 amortizando muito coisa. Quem entrar no pr\u00f3ximo ano j\u00e1 vai pegar uma situa\u00e7\u00e3o muito mais estabilizada&#8221;.<\/p>\n<p><strong>Combate \u00e0 criminalidade\u00a0<\/strong><\/p>\n<p>&#8220;Aquela pris\u00e3o em Japeri foi um divisor de \u00e1guas. N\u00f3s identificamos um prefeito ligado ao narcotr\u00e1fico, o presidente da C\u00e2mara de Vereadores e mais um vereador. Essa quadrilha foi toda presa. Prender um prefeito, com toda sua estrutura de mando, sinaliza para o estado que os ventos est\u00e3o mudando&#8221;.<\/p>\n<p><strong>Legado da interven\u00e7\u00e3o<\/strong><\/p>\n<p>&#8220;O principal \u00e9 um exerc\u00edcio eficaz de lideran\u00e7a. Hoje, estive numa cerim\u00f4nia no Batalh\u00e3o de Choque. O comandante do Batalh\u00e3o de Choque, ao me cumprimentar, disse: &#8216;General eu queria te dizer uma coisa. Muitos destes aqui s\u00e3o pais e eles est\u00e3o resgatando o orgulho e dizendo para os filhos que s\u00e3o policiais&#8217;. Isso \u00e9 um legado que, para mim, \u00e9 o mais importante de todos &#8211; a retomada da autoestima e de querer ter a credibilidade perdida&#8221;.<\/p>\n<p><strong>Esquema de seguran\u00e7a nas elei\u00e7\u00f5es<\/strong><\/p>\n<p>&#8220;Vamos atuar de maneira integrada \u00e0 semelhan\u00e7a do que fizemos na greve dos caminhoneiros. Vamos instalar um gabinete de crise, n\u00e3o que haja uma crise. Com todos os \u00f3rg\u00e3os envolvidos. J\u00e1 temos o trabalho de intelig\u00eancia integrada funcionando faz tempo. Temos um levantamento completo das \u00e1reas de risco. Onde n\u00f3s vamos empregar as For\u00e7as Armadas. Onde a PM [Pol\u00edcia Militar] vai se encarregar. Apoio da Guarda Municipal. Em que pontos a Pol\u00edcia Rodovi\u00e1ria Federal vai ser importante. E a coaliz\u00e3o com o TRE [Tribunal Regional Eleitoral] j\u00e1 est\u00e1 funcionando h\u00e1 v\u00e1rios meses. O efetivo de 20 mil militares que est\u00e1 aqui. Do Ex\u00e9rcito, da Marinha e da Aeron\u00e1utica. A gente vai para \u00e1reas onde o hist\u00f3rico mostra mais problemas: S\u00e3o Gon\u00e7alo, Baixada Fluminense&#8221;.<\/p>\n<p><strong>Transi\u00e7\u00e3o para o novo governo<\/strong><\/p>\n<p>&#8220;N\u00f3s j\u00e1 temos um plano preparat\u00f3rio para a transi\u00e7\u00e3o, assinado entre o general Braga Netto e o governador Pez\u00e3o, que sinaliza secretarias e tudo o que tem de ser feito. No momento em que n\u00f3s tivermos o governador eleito a\u00ed este plano, que \u00e9 provis\u00f3rio, vai ter de ser consolidado. A parte administrativa, necessariamente, tem de ir at\u00e9 30 de junho do ano que vem. Porque estamos comprando coisas e contratos est\u00e3o sendo celebrados. \u00c9 dinheiro federal.\u00a0 N\u00e3o temos como passar isso para o estado, ainda mais um estado em recupera\u00e7\u00e3o fiscal. Um quarto do efetivo vai poder tocar. \u00c9 que claro que o governador eleito vai ter a sua vontade pol\u00edtica, mas se tiver o m\u00ednimo de bom senso nesta transi\u00e7\u00e3o, vai pegar o nosso plano, trocar o seis por meia d\u00fazia e botar adiante&#8221;.<\/p>\n<p><strong>\u00cdndices devem baixar<\/strong><\/p>\n<p>Todos os \u00edndices devem baixar, inclusive o confronto. Se continuar do jeito que est\u00e1 a\u00ed, a gente vai ter uma redu\u00e7\u00e3o bastante boa em rela\u00e7\u00e3o a agosto (deste ano) e a setembro do ano passado. O indicativo est\u00e1 muito bom. Aquele 150% foram uma distor\u00e7\u00e3o. O problema da estat\u00edstica \u00e9 que ela pode ser usada para qualquer coisa. O observat\u00f3rio da C\u00e2ndido Mendes est\u00e1 com a lente quebrada. Eu afirmo. Eles s\u00f3 est\u00e3o focados em uma vis\u00e3o e conseguem abstrair todo o mais, que \u00e9 muito mais consistente. \u00c9 impressionante. Estes 150% s\u00e3o um ponto fora da curva at\u00e9 porque, no ano passado, naquele momento n\u00e3o havia nem policiamento. Por isso que estava tudo estourando. A criminalidade atingiu n\u00edveis dram\u00e1ticos porque a policia n\u00e3o tinha viatura, n\u00e3o tinha sal\u00e1rio. O regime adicional de servi\u00e7o, que a gente resgatou, \u00e9 fundamental.<\/p>\n<p><strong>Homic\u00eddios em confrontos<\/strong><\/p>\n<p>&#8220;Foi porque a gente come\u00e7ou a operar com ostensividade. Agora, a coisa come\u00e7a a se acomodar um pouco mais. A nossa expectativa \u00e9 esta. Ningu\u00e9m aqui quer o enfrentamento. Desde o in\u00edcio n\u00f3s achamos. O enfrentamento pelo enfrentamento \u00e9 uma bobagem. \u00c0s vezes, ele se produz de maneira leg\u00edtima e necess\u00e1ria. L\u00f3gico, vamos fazer uma a\u00e7\u00e3o numa \u00e1rea, que a gente sabe, que temos dados concretos, investiga\u00e7\u00e3o, que tem um grupo criminoso, armado e amea\u00e7ando as pessoas&#8230;n\u00f3s vamos nos omitir? Determinados notici\u00e1rios ficam buscando o flagrante da criminalidade. O radar deles fica ali atr\u00e1s. Localizado um ato criminoso, fica uma cobran\u00e7a. \u201c E a\u00ed? N\u00e3o v\u00e3o fazer nada?\u201d. A gente n\u00e3o pode se pautar por isso. Se chegar l\u00e1 simplesmente para dar uma resposta midi\u00e1tica, a\u00ed sim d\u00e1 um risco colateral muito grande&#8221;.<\/p>\n<p><strong>Rio de Janeiro em 2019<\/strong><\/p>\n<p>&#8220;Vamos entregar [o estado] em situa\u00e7\u00e3o muito melhor do que encontramos porque tudo que fizemos at\u00e9 agora, em termos estruturantes, teve uma repercuss\u00e3o favor\u00e1vel. O mais importante \u00e9 que as pr\u00f3prias institui\u00e7\u00f5es se deram conta de que isso era relevante. Elas se apropriaram do plano. Isso \u00e9 que \u00e9 bom. Ent\u00e3o, qualquer que seja o cen\u00e1rio, eu acredito que a gente fez uma ruptura de tend\u00eancia important\u00edssima&#8221;.<\/p>\n<p><strong>Pris\u00e3o dos assassinos de Marielle e Anderson<\/strong><\/p>\n<p>&#8220;Tenho a expectativa. N\u00f3s temos feito o m\u00e1ximo de esfor\u00e7o poss\u00edvel. As coisas t\u00eam caminhado. Agora estamos mais fortalecidos porque o Minist\u00e9rio P\u00fablico [MP] se vinculou fortemente \u00e0 investiga\u00e7\u00e3o com\u00a0o Gaeco [Grupo de Atua\u00e7\u00e3o Especial de Combate ao Crime Organizado]. Ent\u00e3o, isso nos d\u00e1 um \u00e2nimo muito grande. Eu conversei com o nosso procurador-geral de Justi\u00e7a sobre isso e ele colocou o MP junto conosco. Eles entraram, fizeram uma avalia\u00e7\u00e3o da investiga\u00e7\u00e3o e perceberam que a gente est\u00e1 no caminho certo. Mas qual \u00e9 grande problema do caso? A defici\u00eancia estrutural que ainda temos em v\u00e1rias \u00e1reas, principalmente essa quest\u00e3o de c\u00e2meras pela cidade, s\u00e3o c\u00e2meras da prefeitura, isso nos atrapalhou muito, porque h\u00e1 crimes que estamos elucidando com muito mais facilidade porque esses sistemas est\u00e3o funcionando bem. A grande dificuldade hoje \u00e9 coletar e produzir as provas necess\u00e1rias para que os nossos suspeitos possam ser efetivamente condenados no futuro. E n\u00e3o irresponsavelmente dar por conclu\u00eddo o inqu\u00e9rito com provas fr\u00e1geis e, no final, isso n\u00e3o resultar em nada. Vai ser muito pior para a sociedade. A gente entende o clamor da sociedade. O clamor da fam\u00edlia. Eles t\u00eam confian\u00e7a de que a gente est\u00e1 fazendo a coisa certa. E a nossa expectativa \u00e9 de elucidar. Agora, para termos sucesso pleno na investiga\u00e7\u00e3o ainda faltam detalhes t\u00e9cnicos. Isso \u00e9 que n\u00e3o \u00e9 simples. A investiga\u00e7\u00e3o est\u00e1 sendo custosa porque, realmente, foi um crime elaborado com cuidado para evitar a investiga\u00e7\u00e3o. Eles conseguiram criar grande dificuldade pela maneira como praticaram esse crime.<\/p>\n<p>Eu sempre falei com essa cautela. Eu nunca fiquei dizendo neg\u00f3cio de data. Existe a possibilidade de fechar? Existe. E existe a possibilidade de a gente ter um pouco mais de dificuldade e levar um pouco mais de tempo. Ambas existem&#8221;.<\/p>\n<p>&nbsp;<\/p>\n<p>Fonte: Ag\u00eancia Brasil<\/p>\n","protected":false},"excerpt":{"rendered":"<p>Carioca, o general Richard Nunes est\u00e1 desde fevereiro \u00e0 frente da Secretaria de Seguran\u00e7a do Rio de Janeiro. Nesta entrevista, ele revela que vive 24 horas e sete dias por semana os problemas da seguran\u00e7a do estado. Durante pouco mais de uma hora, o general\u00a0n\u00e3o descartou a possibilidade de concluir o ano sem a elucida\u00e7\u00e3o [&hellip;]<\/p>\n","protected":false},"author":96,"featured_media":99926,"comment_status":"closed","ping_status":"closed","sticky":false,"template":"","format":"standard","meta":{"footnotes":""},"categories":[302,436,439],"tags":[],"class_list":["post-120511","post","type-post","status-publish","format-standard","has-post-thumbnail","hentry","category-brasil-mundo","category-destaque-da-semana","category-ultima-hora"],"_links":{"self":[{"href":"https:\/\/diarioregionaldigital.com.br\/index.php?rest_route=\/wp\/v2\/posts\/120511","targetHints":{"allow":["GET"]}}],"collection":[{"href":"https:\/\/diarioregionaldigital.com.br\/index.php?rest_route=\/wp\/v2\/posts"}],"about":[{"href":"https:\/\/diarioregionaldigital.com.br\/index.php?rest_route=\/wp\/v2\/types\/post"}],"author":[{"embeddable":true,"href":"https:\/\/diarioregionaldigital.com.br\/index.php?rest_route=\/wp\/v2\/users\/96"}],"replies":[{"embeddable":true,"href":"https:\/\/diarioregionaldigital.com.br\/index.php?rest_route=%2Fwp%2Fv2%2Fcomments&post=120511"}],"version-history":[{"count":0,"href":"https:\/\/diarioregionaldigital.com.br\/index.php?rest_route=\/wp\/v2\/posts\/120511\/revisions"}],"wp:featuredmedia":[{"embeddable":true,"href":"https:\/\/diarioregionaldigital.com.br\/index.php?rest_route=\/wp\/v2\/media\/99926"}],"wp:attachment":[{"href":"https:\/\/diarioregionaldigital.com.br\/index.php?rest_route=%2Fwp%2Fv2%2Fmedia&parent=120511"}],"wp:term":[{"taxonomy":"category","embeddable":true,"href":"https:\/\/diarioregionaldigital.com.br\/index.php?rest_route=%2Fwp%2Fv2%2Fcategories&post=120511"},{"taxonomy":"post_tag","embeddable":true,"href":"https:\/\/diarioregionaldigital.com.br\/index.php?rest_route=%2Fwp%2Fv2%2Ftags&post=120511"}],"curies":[{"name":"wp","href":"https:\/\/api.w.org\/{rel}","templated":true}]}}