{"id":120507,"date":"2018-09-24T10:52:30","date_gmt":"2018-09-24T13:52:30","guid":{"rendered":"https:\/\/diarioregionaldigital.com.br\/?p=120507"},"modified":"2018-09-24T10:58:46","modified_gmt":"2018-09-24T13:58:46","slug":"idosos-sao-agredidos-em-tentativa-de-assalto-em-santa-barbara-do-tugurio","status":"publish","type":"post","link":"https:\/\/diarioregionaldigital.com.br\/?p=120507","title":{"rendered":"Idosos s\u00e3o agredidos em tentativa de assalto em Santa B\u00e1rbara do Tug\u00fario"},"content":{"rendered":"<p>Dois idosos, de 68 e 75 anos, foram agredidos durante uma tentativa de assalto na comunidade de Bom Sucesso, zona rural de Santa B\u00e1rbara do Tug\u00fario na noite de domingo, 23. Os dois, que s\u00e3o irm\u00e3os, foram abordados por um homem desconhecido, armado, que entrou na casa e os agrediu fisicamente. Ao fugir, o acusado ainda efetuou dois disparos de arma de fogo para o alto.<\/p>\n<p>Uma das v\u00edtimas ainda entrou em luta corporal com autor, segundo ele de posse de uma faca, no intuito de auto defesa. O autor ainda atingiu o idoso com um peda\u00e7o de madeira que era usado para escorar a porta. As v\u00edtimas come\u00e7aram a gritar e o bandido fugiu, sem levar nada do local.<\/p>\n<p>Os irm\u00e3os foram encaminhados para o hospital.<\/p>\n<p>&nbsp;<\/p>\n<p>Fonte: Barbacena Online<\/p>\n","protected":false},"excerpt":{"rendered":"<p>Dois idosos, de 68 e 75 anos, foram agredidos durante uma tentativa de assalto na comunidade de Bom Sucesso, zona rural de Santa B\u00e1rbara do Tug\u00fario na noite de domingo, 23. Os dois, que s\u00e3o irm\u00e3os, foram abordados por um homem desconhecido, armado, que entrou na casa e os agrediu fisicamente. Ao fugir, o acusado [&hellip;]<\/p>\n","protected":false},"author":96,"featured_media":95105,"comment_status":"closed","ping_status":"closed","sticky":false,"template":"","format":"standard","meta":{"footnotes":""},"categories":[252,439],"tags":[],"class_list":["post-120507","post","type-post","status-publish","format-standard","has-post-thumbnail","hentry","category-regiao","category-ultima-hora"],"_links":{"self":[{"href":"https:\/\/diarioregionaldigital.com.br\/index.php?rest_route=\/wp\/v2\/posts\/120507","targetHints":{"allow":["GET"]}}],"collection":[{"href":"https:\/\/diarioregionaldigital.com.br\/index.php?rest_route=\/wp\/v2\/posts"}],"about":[{"href":"https:\/\/diarioregionaldigital.com.br\/index.php?rest_route=\/wp\/v2\/types\/post"}],"author":[{"embeddable":true,"href":"https:\/\/diarioregionaldigital.com.br\/index.php?rest_route=\/wp\/v2\/users\/96"}],"replies":[{"embeddable":true,"href":"https:\/\/diarioregionaldigital.com.br\/index.php?rest_route=%2Fwp%2Fv2%2Fcomments&post=120507"}],"version-history":[{"count":0,"href":"https:\/\/diarioregionaldigital.com.br\/index.php?rest_route=\/wp\/v2\/posts\/120507\/revisions"}],"wp:featuredmedia":[{"embeddable":true,"href":"https:\/\/diarioregionaldigital.com.br\/index.php?rest_route=\/wp\/v2\/media\/95105"}],"wp:attachment":[{"href":"https:\/\/diarioregionaldigital.com.br\/index.php?rest_route=%2Fwp%2Fv2%2Fmedia&parent=120507"}],"wp:term":[{"taxonomy":"category","embeddable":true,"href":"https:\/\/diarioregionaldigital.com.br\/index.php?rest_route=%2Fwp%2Fv2%2Fcategories&post=120507"},{"taxonomy":"post_tag","embeddable":true,"href":"https:\/\/diarioregionaldigital.com.br\/index.php?rest_route=%2Fwp%2Fv2%2Ftags&post=120507"}],"curies":[{"name":"wp","href":"https:\/\/api.w.org\/{rel}","templated":true}]}}