{"id":120502,"date":"2018-09-24T10:27:37","date_gmt":"2018-09-24T13:27:37","guid":{"rendered":"https:\/\/diarioregionaldigital.com.br\/?p=120502"},"modified":"2018-09-24T10:44:21","modified_gmt":"2018-09-24T13:44:21","slug":"homem-e-esfaqueado-enquanto-dormia-no-bairro-santa-cruz","status":"publish","type":"post","link":"https:\/\/diarioregionaldigital.com.br\/?p=120502","title":{"rendered":"Homem \u00e9 esfaqueado enquanto dormia no bairro Santa Cruz"},"content":{"rendered":"<p>Um homem, 26 anos, deu entrada na tarde desse domingo, 23, na UPA Norte de Juiz de Fora com perfura\u00e7\u00f5es no corpo, ap\u00f3s ter sido agredido pelo filho do atual companheiro de sua m\u00e3e, de 30 anos, no bairro Santa Cruz, regi\u00e3o Norte da cidade. De acordo com o boletim de ocorr\u00eancia, ele teve ferimentos no peito, na cabe\u00e7a, na boca e na perna direita.<\/p>\n<p>Segundo informa\u00e7\u00f5es da m\u00e3e da v\u00edtima dada \u00e0 Pol\u00edcia Militar (PM), os dois possuem desaven\u00e7as antigas e que, por motivos familiares, brigam constantemente e trocam ofensas m\u00fatuas.<\/p>\n<p>Ainda de acordo com ela, os dois passaram o domingo discutindo e, ap\u00f3s o almo\u00e7o, o homem de 30 anos, foi para casa em que mora, que fica no mesmo terreno da casa da v\u00edtima.<\/p>\n<p>O homem de 26 anos estava dormindo, quando o autor do crime invadiu sua casa em posse de uma faca e come\u00e7ou a golpe\u00e1-lo.<\/p>\n<p>O autor fugiu do local e, at\u00e9 o momento, n\u00e3o foi localizado.<\/p>\n","protected":false},"excerpt":{"rendered":"<p>Um homem, 26 anos, deu entrada na tarde desse domingo, 23, na UPA Norte de Juiz de Fora com perfura\u00e7\u00f5es no corpo, ap\u00f3s ter sido agredido pelo filho do atual companheiro de sua m\u00e3e, de 30 anos, no bairro Santa Cruz, regi\u00e3o Norte da cidade. De acordo com o boletim de ocorr\u00eancia, ele teve ferimentos [&hellip;]<\/p>\n","protected":false},"author":96,"featured_media":97342,"comment_status":"closed","ping_status":"closed","sticky":false,"template":"","format":"standard","meta":{"footnotes":""},"categories":[301,439],"tags":[],"class_list":["post-120502","post","type-post","status-publish","format-standard","has-post-thumbnail","hentry","category-artigos-policiais","category-ultima-hora"],"_links":{"self":[{"href":"https:\/\/diarioregionaldigital.com.br\/index.php?rest_route=\/wp\/v2\/posts\/120502","targetHints":{"allow":["GET"]}}],"collection":[{"href":"https:\/\/diarioregionaldigital.com.br\/index.php?rest_route=\/wp\/v2\/posts"}],"about":[{"href":"https:\/\/diarioregionaldigital.com.br\/index.php?rest_route=\/wp\/v2\/types\/post"}],"author":[{"embeddable":true,"href":"https:\/\/diarioregionaldigital.com.br\/index.php?rest_route=\/wp\/v2\/users\/96"}],"replies":[{"embeddable":true,"href":"https:\/\/diarioregionaldigital.com.br\/index.php?rest_route=%2Fwp%2Fv2%2Fcomments&post=120502"}],"version-history":[{"count":0,"href":"https:\/\/diarioregionaldigital.com.br\/index.php?rest_route=\/wp\/v2\/posts\/120502\/revisions"}],"wp:featuredmedia":[{"embeddable":true,"href":"https:\/\/diarioregionaldigital.com.br\/index.php?rest_route=\/wp\/v2\/media\/97342"}],"wp:attachment":[{"href":"https:\/\/diarioregionaldigital.com.br\/index.php?rest_route=%2Fwp%2Fv2%2Fmedia&parent=120502"}],"wp:term":[{"taxonomy":"category","embeddable":true,"href":"https:\/\/diarioregionaldigital.com.br\/index.php?rest_route=%2Fwp%2Fv2%2Fcategories&post=120502"},{"taxonomy":"post_tag","embeddable":true,"href":"https:\/\/diarioregionaldigital.com.br\/index.php?rest_route=%2Fwp%2Fv2%2Ftags&post=120502"}],"curies":[{"name":"wp","href":"https:\/\/api.w.org\/{rel}","templated":true}]}}