{"id":120496,"date":"2018-09-24T09:08:16","date_gmt":"2018-09-24T12:08:16","guid":{"rendered":"https:\/\/diarioregionaldigital.com.br\/?p=120496"},"modified":"2018-09-24T09:08:16","modified_gmt":"2018-09-24T12:08:16","slug":"duas-pessoas-foram-presas-durante-fiscalizacao-da-prf-nos-postos-de-leopoldina-e-muriae","status":"publish","type":"post","link":"https:\/\/diarioregionaldigital.com.br\/?p=120496","title":{"rendered":"Duas pessoas foram presas durante fiscaliza\u00e7\u00e3o da PRF nos postos de Leopoldina e Muria\u00e9"},"content":{"rendered":"<p>A Pol\u00edcia Rodovi\u00e1ria Federal (PRF) efetuou duas pris\u00f5es nesse domingo, 23, durante abordagens realizadas em ve\u00edculos nos seus postos de fiscaliza\u00e7\u00e3o de Leopoldina e Muria\u00e9.<\/p>\n<p>A primeira delas aconteceu por volta das 13 horas, no km 768 da BR-116, em frente ao Posto da PRF de Leopoldina, durante a abordagem a um Ford Fiesta com placas de Minas Gerais, cujo nome da cidade n\u00e3o foi divulgada pela PRF. Os inspetores descobriram, durante a fiscaliza\u00e7\u00e3o dos ocupantes do ve\u00edculo, a exist\u00eancia de um mandado de pris\u00e3o contra uma mulher de 60 anos de idade, expedido pela Justi\u00e7a de Minas Gerais por uma contraven\u00e7\u00e3o penal. Ela foi presa e conduzida \u00e0 Delegacia de Pol\u00edcia daquela cidade para os procedimentos de rotina.<\/p>\n<p>Em Muria\u00e9, os policiais rodovi\u00e1rios federais prenderam um homem de 39 anos, que tamb\u00e9m tinha um mandado de pris\u00e3o em aberto por roubo, expedido pela justi\u00e7a do Rio de Janeiro. Ele foi preso durante fiscaliza\u00e7\u00e3o realizada na BR-116, km 707, em frente ao posto da PRF daquela cidade, quando dirigia um Fiat Mobi com placas de Minas Gerais. Na sequ\u00eancia ele foi conduzido para a Delegacia Regional de Pol\u00edcia Civil de Muria\u00e9 para prestar depoimento e depois, levado para o pres\u00eddio local.<\/p>\n<p>&nbsp;<\/p>\n<p>Fonte: Marcelo Lopes<\/p>\n","protected":false},"excerpt":{"rendered":"<p>A Pol\u00edcia Rodovi\u00e1ria Federal (PRF) efetuou duas pris\u00f5es nesse domingo, 23, durante abordagens realizadas em ve\u00edculos nos seus postos de fiscaliza\u00e7\u00e3o de Leopoldina e Muria\u00e9. A primeira delas aconteceu por volta das 13 horas, no km 768 da BR-116, em frente ao Posto da PRF de Leopoldina, durante a abordagem a um Ford Fiesta com [&hellip;]<\/p>\n","protected":false},"author":96,"featured_media":95105,"comment_status":"closed","ping_status":"closed","sticky":false,"template":"","format":"standard","meta":{"footnotes":""},"categories":[252,439],"tags":[],"class_list":["post-120496","post","type-post","status-publish","format-standard","has-post-thumbnail","hentry","category-regiao","category-ultima-hora"],"_links":{"self":[{"href":"https:\/\/diarioregionaldigital.com.br\/index.php?rest_route=\/wp\/v2\/posts\/120496","targetHints":{"allow":["GET"]}}],"collection":[{"href":"https:\/\/diarioregionaldigital.com.br\/index.php?rest_route=\/wp\/v2\/posts"}],"about":[{"href":"https:\/\/diarioregionaldigital.com.br\/index.php?rest_route=\/wp\/v2\/types\/post"}],"author":[{"embeddable":true,"href":"https:\/\/diarioregionaldigital.com.br\/index.php?rest_route=\/wp\/v2\/users\/96"}],"replies":[{"embeddable":true,"href":"https:\/\/diarioregionaldigital.com.br\/index.php?rest_route=%2Fwp%2Fv2%2Fcomments&post=120496"}],"version-history":[{"count":0,"href":"https:\/\/diarioregionaldigital.com.br\/index.php?rest_route=\/wp\/v2\/posts\/120496\/revisions"}],"wp:featuredmedia":[{"embeddable":true,"href":"https:\/\/diarioregionaldigital.com.br\/index.php?rest_route=\/wp\/v2\/media\/95105"}],"wp:attachment":[{"href":"https:\/\/diarioregionaldigital.com.br\/index.php?rest_route=%2Fwp%2Fv2%2Fmedia&parent=120496"}],"wp:term":[{"taxonomy":"category","embeddable":true,"href":"https:\/\/diarioregionaldigital.com.br\/index.php?rest_route=%2Fwp%2Fv2%2Fcategories&post=120496"},{"taxonomy":"post_tag","embeddable":true,"href":"https:\/\/diarioregionaldigital.com.br\/index.php?rest_route=%2Fwp%2Fv2%2Ftags&post=120496"}],"curies":[{"name":"wp","href":"https:\/\/api.w.org\/{rel}","templated":true}]}}