{"id":120491,"date":"2018-09-24T08:54:36","date_gmt":"2018-09-24T11:54:36","guid":{"rendered":"https:\/\/diarioregionaldigital.com.br\/?p=120491"},"modified":"2018-09-24T08:54:36","modified_gmt":"2018-09-24T11:54:36","slug":"caixa-comeca-a-cobrar-juros-menores-para-financiamento-imobiliario","status":"publish","type":"post","link":"https:\/\/diarioregionaldigital.com.br\/?p=120491","title":{"rendered":"Caixa come\u00e7a a cobrar juros menores para financiamento imobili\u00e1rio"},"content":{"rendered":"<p>Come\u00e7aram a valer nessa segunda-feira, 24, as novas taxas de juros de financiamento imobili\u00e1rio da Caixa Econ\u00f4mica Federal.<\/p>\n<p>No \u00faltimo dia 14, o banco informou que reduziu em 0,75 ponto percentual as taxas de juros do cr\u00e9dito para compra de im\u00f3veis enquadrados no Sistema de Financiamento Imobili\u00e1rio (SFI).<\/p>\n<p>A redu\u00e7\u00e3o vale para im\u00f3vel de at\u00e9 R$1,5 milh\u00e3o. As taxas m\u00ednimas do SFI passam de 9,5% ao ano para 8,75% ao ano. E a taxa m\u00e1xima cai de 11% para 10,25% ao ano.<\/p>\n<p>A Caixa tamb\u00e9m informou tamb\u00e9m que, a partir de novembro, oferecer\u00e1 um novo servi\u00e7o de avalia\u00e7\u00f5es de im\u00f3veis, disponibilizando laudo diretamente para pessoas f\u00edsicas e jur\u00eddicas.<\/p>\n<p>Segundo o banco, o Caixa Avalia \u00e9 uma plataforma que vai permitir a venda de avalia\u00e7\u00f5es pelo site com contrata\u00e7\u00e3o 100% digital.<\/p>\n<p><strong>Redu\u00e7\u00f5es de juros<\/strong><\/p>\n<p>Em abril, a Caixa reduziu em at\u00e9 1,25 ponto percentual as taxas de juros do cr\u00e9dito imobili\u00e1rio para opera\u00e7\u00f5es com recursos do Sistema Brasileiro de Poupan\u00e7a e Empr\u00e9stimo (SBPE).<\/p>\n<p>O limite de cota de financiamento do im\u00f3vel usado subiu de 50% para 70%. A Caixa tamb\u00e9m retomou o financiamento de opera\u00e7\u00f5es de interveniente quitante (im\u00f3veis com produ\u00e7\u00e3o financiada por outros bancos) com cota de at\u00e9 70%.<\/p>\n<p>Em julho, o banco reduziu em m\u00e9dia de 1 a 2 pontos percentuais ao ano as taxas do cr\u00e9dito imobili\u00e1rio para pessoa jur\u00eddica.<\/p>\n<p>Em agosto, promoveu uma redu\u00e7\u00e3o de at\u00e9 0,5 ponto percentual das taxas de juros do cr\u00e9dito imobili\u00e1rio para opera\u00e7\u00f5es com recursos do SBPE.<\/p>\n<p>O limite de cota de financiamento de im\u00f3veis usados para pessoa f\u00edsica subiu de 70% para 80%.<\/p>\n<p>A Caixa tem R$85 bilh\u00f5es dispon\u00edveis para o cr\u00e9dito habitacional este ano. No primeiro semestre, foram contratados mais de R$40 bilh\u00f5es.<\/p>\n<p>O banco tem cerca de 70% das opera\u00e7\u00f5es para aquisi\u00e7\u00e3o da casa pr\u00f3pria.<\/p>\n<p>Operado com recursos do Fundo de Garantia do Tempo de Servi\u00e7o (FGTS), o SFH financia im\u00f3veis de at\u00e9 R$800 mil em todo o pa\u00eds, exceto para Rio de Janeiro, S\u00e3o Paulo, Minas Gerais e Distrito Federal, onde o teto corresponde a R$950 mil.<\/p>\n<p>Os im\u00f3veis residenciais acima dos limites do SFH s\u00e3o enquadrados no SFI, que financia im\u00f3veis com recursos de poupan\u00e7a.<\/p>\n<p>&nbsp;<\/p>\n<p>Fonte: Ag\u00eancia Brasil<\/p>\n","protected":false},"excerpt":{"rendered":"<p>Come\u00e7aram a valer nessa segunda-feira, 24, as novas taxas de juros de financiamento imobili\u00e1rio da Caixa Econ\u00f4mica Federal. No \u00faltimo dia 14, o banco informou que reduziu em 0,75 ponto percentual as taxas de juros do cr\u00e9dito para compra de im\u00f3veis enquadrados no Sistema de Financiamento Imobili\u00e1rio (SFI). A redu\u00e7\u00e3o vale para im\u00f3vel de at\u00e9 [&hellip;]<\/p>\n","protected":false},"author":96,"featured_media":120493,"comment_status":"closed","ping_status":"closed","sticky":false,"template":"","format":"standard","meta":{"footnotes":""},"categories":[436,261,439],"tags":[],"class_list":["post-120491","post","type-post","status-publish","format-standard","has-post-thumbnail","hentry","category-destaque-da-semana","category-economia","category-ultima-hora"],"_links":{"self":[{"href":"https:\/\/diarioregionaldigital.com.br\/index.php?rest_route=\/wp\/v2\/posts\/120491","targetHints":{"allow":["GET"]}}],"collection":[{"href":"https:\/\/diarioregionaldigital.com.br\/index.php?rest_route=\/wp\/v2\/posts"}],"about":[{"href":"https:\/\/diarioregionaldigital.com.br\/index.php?rest_route=\/wp\/v2\/types\/post"}],"author":[{"embeddable":true,"href":"https:\/\/diarioregionaldigital.com.br\/index.php?rest_route=\/wp\/v2\/users\/96"}],"replies":[{"embeddable":true,"href":"https:\/\/diarioregionaldigital.com.br\/index.php?rest_route=%2Fwp%2Fv2%2Fcomments&post=120491"}],"version-history":[{"count":0,"href":"https:\/\/diarioregionaldigital.com.br\/index.php?rest_route=\/wp\/v2\/posts\/120491\/revisions"}],"wp:featuredmedia":[{"embeddable":true,"href":"https:\/\/diarioregionaldigital.com.br\/index.php?rest_route=\/wp\/v2\/media\/120493"}],"wp:attachment":[{"href":"https:\/\/diarioregionaldigital.com.br\/index.php?rest_route=%2Fwp%2Fv2%2Fmedia&parent=120491"}],"wp:term":[{"taxonomy":"category","embeddable":true,"href":"https:\/\/diarioregionaldigital.com.br\/index.php?rest_route=%2Fwp%2Fv2%2Fcategories&post=120491"},{"taxonomy":"post_tag","embeddable":true,"href":"https:\/\/diarioregionaldigital.com.br\/index.php?rest_route=%2Fwp%2Fv2%2Ftags&post=120491"}],"curies":[{"name":"wp","href":"https:\/\/api.w.org\/{rel}","templated":true}]}}