{"id":120479,"date":"2018-09-24T08:35:50","date_gmt":"2018-09-24T11:35:50","guid":{"rendered":"https:\/\/diarioregionaldigital.com.br\/?p=120479"},"modified":"2018-09-24T08:35:51","modified_gmt":"2018-09-24T11:35:51","slug":"carro-bate-de-frente-em-carreta-na-br-356","status":"publish","type":"post","link":"https:\/\/diarioregionaldigital.com.br\/?p=120479","title":{"rendered":"Carro bate de frente em Carreta na BR-356"},"content":{"rendered":"<p>Uma colis\u00e3o frontal envolveu um autom\u00f3vel Fiat Siena e uma carreta, na altura do &#8220;radar da antiga Recreio Ve\u00edculos\u201d, na noite deste domingo, 23, no trecho urbano da BR-356. O acidente n\u00e3o deixou feridos, e o condutor do Siena saiu do local antes da chegada da Pol\u00edcia Rodovi\u00e1ria Federal (PRF). At\u00e9 o fechamento desta mat\u00e9ria o homem n\u00e3o havia sido identificado.<\/p>\n<p>No momento do acidente a carreta seguia sentido Barra-Centro e o sedan da Fiat trafegava na dire\u00e7\u00e3o oposta. O policial rodovi\u00e1rio federal, Ornelas, informou que segundo relato do motorista da carreta, o Siena invadiu a contram\u00e3o e ap\u00f3s a batida seu condutor deixou o local no carro de terceiros.<\/p>\n<p>As causas da colis\u00e3o ser\u00e3o investigadas, e o autom\u00f3vel, que tem placas do Rio de Janeiro, foi recolhido para um p\u00e1tio credenciado pelo Detran, uma vez que n\u00e3o havia ningu\u00e9m para se responsabilizar pelo o ve\u00edculo.<\/p>\n<p>J\u00e1 a carreta, que estava com documenta\u00e7\u00e3o em dia, bem como seu motorista, foi liberada.<\/p>\n<p>&nbsp;<\/p>\n<p>Fonte: R\u00e1dio Muria\u00e9<\/p>\n","protected":false},"excerpt":{"rendered":"<p>Uma colis\u00e3o frontal envolveu um autom\u00f3vel Fiat Siena e uma carreta, na altura do &#8220;radar da antiga Recreio Ve\u00edculos\u201d, na noite deste domingo, 23, no trecho urbano da BR-356. O acidente n\u00e3o deixou feridos, e o condutor do Siena saiu do local antes da chegada da Pol\u00edcia Rodovi\u00e1ria Federal (PRF). At\u00e9 o fechamento desta mat\u00e9ria [&hellip;]<\/p>\n","protected":false},"author":96,"featured_media":120480,"comment_status":"closed","ping_status":"closed","sticky":false,"template":"","format":"standard","meta":{"footnotes":""},"categories":[252,439],"tags":[],"class_list":["post-120479","post","type-post","status-publish","format-standard","has-post-thumbnail","hentry","category-regiao","category-ultima-hora"],"_links":{"self":[{"href":"https:\/\/diarioregionaldigital.com.br\/index.php?rest_route=\/wp\/v2\/posts\/120479","targetHints":{"allow":["GET"]}}],"collection":[{"href":"https:\/\/diarioregionaldigital.com.br\/index.php?rest_route=\/wp\/v2\/posts"}],"about":[{"href":"https:\/\/diarioregionaldigital.com.br\/index.php?rest_route=\/wp\/v2\/types\/post"}],"author":[{"embeddable":true,"href":"https:\/\/diarioregionaldigital.com.br\/index.php?rest_route=\/wp\/v2\/users\/96"}],"replies":[{"embeddable":true,"href":"https:\/\/diarioregionaldigital.com.br\/index.php?rest_route=%2Fwp%2Fv2%2Fcomments&post=120479"}],"version-history":[{"count":0,"href":"https:\/\/diarioregionaldigital.com.br\/index.php?rest_route=\/wp\/v2\/posts\/120479\/revisions"}],"wp:featuredmedia":[{"embeddable":true,"href":"https:\/\/diarioregionaldigital.com.br\/index.php?rest_route=\/wp\/v2\/media\/120480"}],"wp:attachment":[{"href":"https:\/\/diarioregionaldigital.com.br\/index.php?rest_route=%2Fwp%2Fv2%2Fmedia&parent=120479"}],"wp:term":[{"taxonomy":"category","embeddable":true,"href":"https:\/\/diarioregionaldigital.com.br\/index.php?rest_route=%2Fwp%2Fv2%2Fcategories&post=120479"},{"taxonomy":"post_tag","embeddable":true,"href":"https:\/\/diarioregionaldigital.com.br\/index.php?rest_route=%2Fwp%2Fv2%2Ftags&post=120479"}],"curies":[{"name":"wp","href":"https:\/\/api.w.org\/{rel}","templated":true}]}}