{"id":120472,"date":"2018-09-24T08:00:00","date_gmt":"2018-09-24T11:00:00","guid":{"rendered":"https:\/\/diarioregionaldigital.com.br\/?p=120472"},"modified":"2018-09-24T08:01:13","modified_gmt":"2018-09-24T11:01:13","slug":"motocicleta-e-roubada-no-bairro-sao-mateus","status":"publish","type":"post","link":"https:\/\/diarioregionaldigital.com.br\/?p=120472","title":{"rendered":"Motocicleta \u00e9 roubada no bairro S\u00e3o Mateus"},"content":{"rendered":"<p>Mais um juiz-forano teve a moto roubada em Juiz de Fora. Dessa vez, o caso aconteceu na Rua Ant\u00f4nio Passarela, no bairro S\u00e3o Mateus, regi\u00e3o Sul da cidade. Nesse domingo,23, a v\u00edtima estacionou o ve\u00edculo no local e, quando voltou, j\u00e1 na madrugada dessa segunda-feira, 24, n\u00e3o mais encontrou o ve\u00edculo.<\/p>\n<p>Segundo o propriet\u00e1rio, a moto possui cor vermelha e placa de Juiz de Fora.<\/p>\n<p>Nenhum suspeito foi apontado e, at\u00e9 o momento, ningu\u00e9m foi preso. As chaves e o documento da motocicleta estavam com o rapaz.<\/p>\n<p>&nbsp;<\/p>\n","protected":false},"excerpt":{"rendered":"<p>Mais um juiz-forano teve a moto roubada em Juiz de Fora. Dessa vez, o caso aconteceu na Rua Ant\u00f4nio Passarela, no bairro S\u00e3o Mateus, regi\u00e3o Sul da cidade. Nesse domingo,23, a v\u00edtima estacionou o ve\u00edculo no local e, quando voltou, j\u00e1 na madrugada dessa segunda-feira, 24, n\u00e3o mais encontrou o ve\u00edculo. Segundo o propriet\u00e1rio, a [&hellip;]<\/p>\n","protected":false},"author":96,"featured_media":95836,"comment_status":"closed","ping_status":"closed","sticky":false,"template":"","format":"standard","meta":{"footnotes":""},"categories":[301],"tags":[],"class_list":["post-120472","post","type-post","status-publish","format-standard","has-post-thumbnail","hentry","category-artigos-policiais"],"_links":{"self":[{"href":"https:\/\/diarioregionaldigital.com.br\/index.php?rest_route=\/wp\/v2\/posts\/120472","targetHints":{"allow":["GET"]}}],"collection":[{"href":"https:\/\/diarioregionaldigital.com.br\/index.php?rest_route=\/wp\/v2\/posts"}],"about":[{"href":"https:\/\/diarioregionaldigital.com.br\/index.php?rest_route=\/wp\/v2\/types\/post"}],"author":[{"embeddable":true,"href":"https:\/\/diarioregionaldigital.com.br\/index.php?rest_route=\/wp\/v2\/users\/96"}],"replies":[{"embeddable":true,"href":"https:\/\/diarioregionaldigital.com.br\/index.php?rest_route=%2Fwp%2Fv2%2Fcomments&post=120472"}],"version-history":[{"count":0,"href":"https:\/\/diarioregionaldigital.com.br\/index.php?rest_route=\/wp\/v2\/posts\/120472\/revisions"}],"wp:featuredmedia":[{"embeddable":true,"href":"https:\/\/diarioregionaldigital.com.br\/index.php?rest_route=\/wp\/v2\/media\/95836"}],"wp:attachment":[{"href":"https:\/\/diarioregionaldigital.com.br\/index.php?rest_route=%2Fwp%2Fv2%2Fmedia&parent=120472"}],"wp:term":[{"taxonomy":"category","embeddable":true,"href":"https:\/\/diarioregionaldigital.com.br\/index.php?rest_route=%2Fwp%2Fv2%2Fcategories&post=120472"},{"taxonomy":"post_tag","embeddable":true,"href":"https:\/\/diarioregionaldigital.com.br\/index.php?rest_route=%2Fwp%2Fv2%2Ftags&post=120472"}],"curies":[{"name":"wp","href":"https:\/\/api.w.org\/{rel}","templated":true}]}}