{"id":120470,"date":"2018-09-24T07:53:38","date_gmt":"2018-09-24T10:53:38","guid":{"rendered":"https:\/\/diarioregionaldigital.com.br\/?p=120470"},"modified":"2018-09-24T07:53:38","modified_gmt":"2018-09-24T10:53:38","slug":"menor-tenta-assaltar-usando-garrucha-no-bairro-francisco-bernardino","status":"publish","type":"post","link":"https:\/\/diarioregionaldigital.com.br\/?p=120470","title":{"rendered":"Menor tenta assaltar usando garrucha no bairro Francisco Bernardino"},"content":{"rendered":"<p>Na noite desse domingo, 23, a Pol\u00edcia Militar registrou uma tentativa de assalto na Avenida Juscelino Kubitschek, no bairro Francisco Bernardino, regi\u00e3o central de Juiz de Fora. De acordo com o registro de ocorr\u00eancia, um homem, de 31 anos, foi abordado por um jovem na via, por volta das 22h30. O autor estava armado com uma garrucha, arma que possui apenas um tiro por cano, semelhante \u00e0s espingardas de ca\u00e7a.<\/p>\n<p>O assaltante apontou a arma para a v\u00edtima e anunciou o assalto, mas n\u00e3o conseguiu roubar nada porque o homem gritou por socorro. Com o barulho, o assaltante saiu correndo e fugiu.<\/p>\n<p>A Pol\u00edcia Militar fez rastreamento na regi\u00e3o e conseguiu encontrar o autor que tem 16 anos e foi encaminhado para a delegacia. A arma foi apreendida pelos policiais.<\/p>\n","protected":false},"excerpt":{"rendered":"<p>Na noite desse domingo, 23, a Pol\u00edcia Militar registrou uma tentativa de assalto na Avenida Juscelino Kubitschek, no bairro Francisco Bernardino, regi\u00e3o central de Juiz de Fora. De acordo com o registro de ocorr\u00eancia, um homem, de 31 anos, foi abordado por um jovem na via, por volta das 22h30. O autor estava armado com [&hellip;]<\/p>\n","protected":false},"author":96,"featured_media":95836,"comment_status":"closed","ping_status":"closed","sticky":false,"template":"","format":"standard","meta":{"footnotes":""},"categories":[301],"tags":[],"class_list":["post-120470","post","type-post","status-publish","format-standard","has-post-thumbnail","hentry","category-artigos-policiais"],"_links":{"self":[{"href":"https:\/\/diarioregionaldigital.com.br\/index.php?rest_route=\/wp\/v2\/posts\/120470","targetHints":{"allow":["GET"]}}],"collection":[{"href":"https:\/\/diarioregionaldigital.com.br\/index.php?rest_route=\/wp\/v2\/posts"}],"about":[{"href":"https:\/\/diarioregionaldigital.com.br\/index.php?rest_route=\/wp\/v2\/types\/post"}],"author":[{"embeddable":true,"href":"https:\/\/diarioregionaldigital.com.br\/index.php?rest_route=\/wp\/v2\/users\/96"}],"replies":[{"embeddable":true,"href":"https:\/\/diarioregionaldigital.com.br\/index.php?rest_route=%2Fwp%2Fv2%2Fcomments&post=120470"}],"version-history":[{"count":0,"href":"https:\/\/diarioregionaldigital.com.br\/index.php?rest_route=\/wp\/v2\/posts\/120470\/revisions"}],"wp:featuredmedia":[{"embeddable":true,"href":"https:\/\/diarioregionaldigital.com.br\/index.php?rest_route=\/wp\/v2\/media\/95836"}],"wp:attachment":[{"href":"https:\/\/diarioregionaldigital.com.br\/index.php?rest_route=%2Fwp%2Fv2%2Fmedia&parent=120470"}],"wp:term":[{"taxonomy":"category","embeddable":true,"href":"https:\/\/diarioregionaldigital.com.br\/index.php?rest_route=%2Fwp%2Fv2%2Fcategories&post=120470"},{"taxonomy":"post_tag","embeddable":true,"href":"https:\/\/diarioregionaldigital.com.br\/index.php?rest_route=%2Fwp%2Fv2%2Ftags&post=120470"}],"curies":[{"name":"wp","href":"https:\/\/api.w.org\/{rel}","templated":true}]}}