{"id":120468,"date":"2018-09-24T07:42:10","date_gmt":"2018-09-24T10:42:10","guid":{"rendered":"https:\/\/diarioregionaldigital.com.br\/?p=120468"},"modified":"2018-09-24T07:42:10","modified_gmt":"2018-09-24T10:42:10","slug":"taxistas-sofrem-assalto-na-regiao-leste-de-juiz-de-fora","status":"publish","type":"post","link":"https:\/\/diarioregionaldigital.com.br\/?p=120468","title":{"rendered":"Taxistas sofrem assalto na regi\u00e3o Leste de Juiz de Fora"},"content":{"rendered":"<p>Dois taxistas foram assaltados no bairro Olavo Costa, regi\u00e3o Leste de Juiz de Fora, na tarde deste domingo, 23. \u00a0Um dos motoristas encerrava uma corrida na Travessa Carneiro da Silva, por volta de 13h, quando foi abordado por tr\u00eas indiv\u00edduos. Segundo o homem, que tem 38 anos, os autores aparentavam ser menores de idade e, um deles, estava armado. Os assaltantes levaram um aparelho celular e certa quantia em dinheiro.<\/p>\n<p>Em seguida, os tr\u00eas indiv\u00edduos abordaram outro taxista, de 50 anos,\u00a0 e tamb\u00e9m roubaram dele um celular e um valor em dinheiro n\u00e3o precisado pela Pol\u00edcia Militar (PM).<\/p>\n<p>Ap\u00f3s os assaltos, os autores fugiram. Uma das v\u00edtimas reconheceu um dos assaltantes atrav\u00e9s de fotos, mas nem ele nem os outros foram encontrados durante o rastreamento feito pela PM.<\/p>\n","protected":false},"excerpt":{"rendered":"<p>Dois taxistas foram assaltados no bairro Olavo Costa, regi\u00e3o Leste de Juiz de Fora, na tarde deste domingo, 23. \u00a0Um dos motoristas encerrava uma corrida na Travessa Carneiro da Silva, por volta de 13h, quando foi abordado por tr\u00eas indiv\u00edduos. Segundo o homem, que tem 38 anos, os autores aparentavam ser menores de idade e, [&hellip;]<\/p>\n","protected":false},"author":96,"featured_media":95836,"comment_status":"closed","ping_status":"closed","sticky":false,"template":"","format":"standard","meta":{"footnotes":""},"categories":[301],"tags":[],"class_list":["post-120468","post","type-post","status-publish","format-standard","has-post-thumbnail","hentry","category-artigos-policiais"],"_links":{"self":[{"href":"https:\/\/diarioregionaldigital.com.br\/index.php?rest_route=\/wp\/v2\/posts\/120468","targetHints":{"allow":["GET"]}}],"collection":[{"href":"https:\/\/diarioregionaldigital.com.br\/index.php?rest_route=\/wp\/v2\/posts"}],"about":[{"href":"https:\/\/diarioregionaldigital.com.br\/index.php?rest_route=\/wp\/v2\/types\/post"}],"author":[{"embeddable":true,"href":"https:\/\/diarioregionaldigital.com.br\/index.php?rest_route=\/wp\/v2\/users\/96"}],"replies":[{"embeddable":true,"href":"https:\/\/diarioregionaldigital.com.br\/index.php?rest_route=%2Fwp%2Fv2%2Fcomments&post=120468"}],"version-history":[{"count":0,"href":"https:\/\/diarioregionaldigital.com.br\/index.php?rest_route=\/wp\/v2\/posts\/120468\/revisions"}],"wp:featuredmedia":[{"embeddable":true,"href":"https:\/\/diarioregionaldigital.com.br\/index.php?rest_route=\/wp\/v2\/media\/95836"}],"wp:attachment":[{"href":"https:\/\/diarioregionaldigital.com.br\/index.php?rest_route=%2Fwp%2Fv2%2Fmedia&parent=120468"}],"wp:term":[{"taxonomy":"category","embeddable":true,"href":"https:\/\/diarioregionaldigital.com.br\/index.php?rest_route=%2Fwp%2Fv2%2Fcategories&post=120468"},{"taxonomy":"post_tag","embeddable":true,"href":"https:\/\/diarioregionaldigital.com.br\/index.php?rest_route=%2Fwp%2Fv2%2Ftags&post=120468"}],"curies":[{"name":"wp","href":"https:\/\/api.w.org\/{rel}","templated":true}]}}