{"id":120429,"date":"2018-09-22T12:34:18","date_gmt":"2018-09-22T15:34:18","guid":{"rendered":"https:\/\/diarioregionaldigital.com.br\/?p=120429"},"modified":"2018-09-22T12:34:18","modified_gmt":"2018-09-22T15:34:18","slug":"bem-comum-lanca-campanha-em-apoio-ao-educandario-carlos-chagas","status":"publish","type":"post","link":"https:\/\/diarioregionaldigital.com.br\/?p=120429","title":{"rendered":"\u201cBem Comum\u201d lan\u00e7a campanha em apoio ao Educand\u00e1rio Carlos Chagas"},"content":{"rendered":"<p>O projeto \u201cBem Comum\u201d, da Secretaria de Comunica\u00e7\u00e3o Social (SCS) da Prefeitura de Juiz de Fora (PJF), lan\u00e7ou, nesta sexta-feira, 21, a campanha \u201cO Educand\u00e1rio Carlos Chagas precisa da sua ajuda\u201d, com o objetivo de arrecadar donativos espec\u00edficos para suprir as necessidades da institui\u00e7\u00e3o que, neste momento, precisa de fraldas geri\u00e1tricas (M, G e GG), leite, sab\u00e3o em p\u00f3, \u00e1gua sanit\u00e1ria e material de higiene.<\/p>\n<p>O Educand\u00e1rio Carlos Chagas \u00e9 uma institui\u00e7\u00e3o filantr\u00f3pica que acolhe pessoas com defici\u00eancia, sobretudo mental, em situa\u00e7\u00e3o de abandono. Atualmente, a entidade atende cerca de 30 assistidos. No in\u00edcio desta semana, houve um assalto \u00e0 entidade, diversos objetos foram levados e grande parte da estrutura da cozinha foi destru\u00edda.<\/p>\n<p>O superintendente do Educand\u00e1rio, M\u00e1rio Albino Martins, contou sobre as a\u00e7\u00f5es de solidariedade que v\u00eam ajudando a institui\u00e7\u00e3o: \u201cFelizmente, estamos recebendo ajuda de muitas pessoas. J\u00e1 conseguimos apoio de volunt\u00e1rios para consertar os encanamentos de g\u00e1s, al\u00e9m de marmitas, para servir enquanto durarem as obras. Agora, precisamos mesmo \u00e9 de doa\u00e7\u00f5es de itens espec\u00edficos, que sempre utilizamos\u201d.<\/p>\n<p>Quem tiver interesse, pode doar at\u00e9 11 de outubro, na Secretaria de Desenvolvimento Social (SDS), localizada na Rua Halfeld, 450, Centro, e na sede da institui\u00e7\u00e3o, que fica na Rua Eunice Weaver, Bairro Carlos Chagas. O Educand\u00e1rio tamb\u00e9m precisa de volunt\u00e1rios. Se voc\u00ea tem disponibilidade, pode entrar em contato pelo telefone 2101-7500.<\/p>\n<p><em>Fonte: PJF<\/em><\/p>\n","protected":false},"excerpt":{"rendered":"<p>O projeto \u201cBem Comum\u201d, da Secretaria de Comunica\u00e7\u00e3o Social (SCS) da Prefeitura de Juiz de Fora (PJF), lan\u00e7ou, nesta sexta-feira, 21, a campanha \u201cO Educand\u00e1rio Carlos Chagas precisa da sua ajuda\u201d, com o objetivo de arrecadar donativos espec\u00edficos para suprir as necessidades da institui\u00e7\u00e3o que, neste momento, precisa de fraldas geri\u00e1tricas (M, G e GG), [&hellip;]<\/p>\n","protected":false},"author":96,"featured_media":0,"comment_status":"closed","ping_status":"closed","sticky":false,"template":"","format":"standard","meta":{"footnotes":""},"categories":[253,439],"tags":[],"class_list":["post-120429","post","type-post","status-publish","format-standard","hentry","category-cidade","category-ultima-hora"],"_links":{"self":[{"href":"https:\/\/diarioregionaldigital.com.br\/index.php?rest_route=\/wp\/v2\/posts\/120429","targetHints":{"allow":["GET"]}}],"collection":[{"href":"https:\/\/diarioregionaldigital.com.br\/index.php?rest_route=\/wp\/v2\/posts"}],"about":[{"href":"https:\/\/diarioregionaldigital.com.br\/index.php?rest_route=\/wp\/v2\/types\/post"}],"author":[{"embeddable":true,"href":"https:\/\/diarioregionaldigital.com.br\/index.php?rest_route=\/wp\/v2\/users\/96"}],"replies":[{"embeddable":true,"href":"https:\/\/diarioregionaldigital.com.br\/index.php?rest_route=%2Fwp%2Fv2%2Fcomments&post=120429"}],"version-history":[{"count":0,"href":"https:\/\/diarioregionaldigital.com.br\/index.php?rest_route=\/wp\/v2\/posts\/120429\/revisions"}],"wp:attachment":[{"href":"https:\/\/diarioregionaldigital.com.br\/index.php?rest_route=%2Fwp%2Fv2%2Fmedia&parent=120429"}],"wp:term":[{"taxonomy":"category","embeddable":true,"href":"https:\/\/diarioregionaldigital.com.br\/index.php?rest_route=%2Fwp%2Fv2%2Fcategories&post=120429"},{"taxonomy":"post_tag","embeddable":true,"href":"https:\/\/diarioregionaldigital.com.br\/index.php?rest_route=%2Fwp%2Fv2%2Ftags&post=120429"}],"curies":[{"name":"wp","href":"https:\/\/api.w.org\/{rel}","templated":true}]}}