{"id":120422,"date":"2018-09-22T12:21:10","date_gmt":"2018-09-22T15:21:10","guid":{"rendered":"https:\/\/diarioregionaldigital.com.br\/?p=120422"},"modified":"2018-09-22T12:21:10","modified_gmt":"2018-09-22T15:21:10","slug":"facebook-anuncia-medidas-para-combater-contas-falsas-e-desinformacao","status":"publish","type":"post","link":"https:\/\/diarioregionaldigital.com.br\/?p=120422","title":{"rendered":"Facebook anuncia medidas para combater contas falsas e desinforma\u00e7\u00e3o"},"content":{"rendered":"<p>O Facebook divulgou nesta semana nota com novas medidas para evitar abusos na plataforma relacionados ao debate eleitoral. Ao longo do ano, a empresa j\u00e1 havia anunciado diversas iniciativas para o pleito\u00a0de outubro\u00a0relacionadas \u00e0 propaganda eleitoral paga, a contas \u201cn\u00e3o aut\u00eanticas\u201d e \u00e0 dissemina\u00e7\u00e3o de desinforma\u00e7\u00e3o, como as chamadas\u00a0<a href=\"http:\/\/agenciabrasil.ebc.com.br\/politica\/noticia\/2018-07\/facebook-vai-dar-transparencia-para-anuncios-eleitorais-no-brasil\" target=\"_blank\" rel=\"noopener\">not\u00edcias falsas<\/a>.<\/p>\n<p>Segundo\u00a0comunicado divulgado pela companhia, foram removidas p\u00e1ginas inicialmente criadas para reunir pessoas com interesses diversos (como esportes e m\u00fasica) e que tiveram seus nomes e prop\u00f3sitos alterados para apoiar um candidato ou tomar partido na disputa eleitoral.<\/p>\n<p>\u201cRemovemos essas p\u00e1ginas porque nossas pol\u00edticas n\u00e3o permitem mudan\u00e7as de nome de p\u00e1ginas que resultem em conex\u00f5es falsas ou n\u00e3o intencionais, e que alterem substancialmente o assunto das p\u00e1ginas\u201d, justificou o informe. A empresa, contudo, n\u00e3o divulgou o nome das p\u00e1ginas.<\/p>\n<p>A plataforma tamb\u00e9m derrubou o que chamou de contas impostoras. Perfis que se faziam passar por candidatos disputando as elei\u00e7\u00f5es. Essa\u00a0<a href=\"http:\/\/agenciabrasil.ebc.com.br\/geral\/noticia\/2018-07\/facebook-derruba-rede-de-paginas-por-violar-politica-de-autenticidade\" target=\"_blank\" rel=\"noopener\">viola\u00e7\u00e3o<\/a>\u00a0foi enquadrada no que a companhia chama de \u201ccomportamento n\u00e3o aut\u00eantico\u201d, conduta que foi usada para remover 186 p\u00e1ginas e 97 perfis ligados ao Movimento Brasil Livre em julho.<\/p>\n<p><strong>Aplicativos e santinhos<\/strong><\/p>\n<p>No comunicado, o Facebook relatou\u00a0ter\u00a0retirado aplicativos que convidavam pessoas a votar pela internet. Esses programas \u201cpoderiam levar eleitores a acreditar que tinham efetivamente votado, ferindo nossas pol\u00edticas que impedem apoio a fraude\u201d, pontuou a nota. Pessoas que usaram esses aplicativos est\u00e3o sendo notificadas.<\/p>\n<p>A companhia est\u00e1 removendo tamb\u00e9m fotos nas quais o n\u00famero n\u00e3o corresponde ao candidato, bem como molduras com n\u00fameros trocados. \u201cNossas pol\u00edticas n\u00e3o permitem declara\u00e7\u00f5es de inten\u00e7\u00e3o ou apoio a fraude, por isso a remo\u00e7\u00e3o dessas imagens\u201d, reiterou a empresa no comunicado divulgado.<\/p>\n<p><strong>Verifica\u00e7\u00e3o de fotos e v\u00eddeos<\/strong><\/p>\n<p>No dia\u00a013 de setembro, em outro comunicado,\u00a0 o Facebook anunciou\u00a0ter\u00a0iniciado a verifica\u00e7\u00e3o de desinforma\u00e7\u00e3o tamb\u00e9m em fotos e v\u00eddeos. At\u00e9 ent\u00e3o, o monitoramento era focado apenas em textos. A partir deste m\u00eas, os sistemas automatizados da plataforma passar\u00e3o a fiscalizar fotos e v\u00eddeos em busca de ind\u00edcios de problemas, como manipula\u00e7\u00f5es.<\/p>\n<p>Essa an\u00e1lise \u00e9 complementada pela realizada por ag\u00eancias de checagem parcerias do Facebook. No Brasil, realizam este trabalho Lupa, Aos Fatos e Ag\u00eancia France Press. Conte\u00fados identificados como enganosos por essas ag\u00eancias t\u00eam seu alcance reduzido na plataforma.<\/p>\n<p><em>Fonte: Ag\u00eancia Brasil<\/em><\/p>\n","protected":false},"excerpt":{"rendered":"<p>O Facebook divulgou nesta semana nota com novas medidas para evitar abusos na plataforma relacionados ao debate eleitoral. Ao longo do ano, a empresa j\u00e1 havia anunciado diversas iniciativas para o pleito\u00a0de outubro\u00a0relacionadas \u00e0 propaganda eleitoral paga, a contas \u201cn\u00e3o aut\u00eanticas\u201d e \u00e0 dissemina\u00e7\u00e3o de desinforma\u00e7\u00e3o, como as chamadas\u00a0not\u00edcias falsas. Segundo\u00a0comunicado divulgado pela companhia, foram [&hellip;]<\/p>\n","protected":false},"author":96,"featured_media":0,"comment_status":"closed","ping_status":"closed","sticky":false,"template":"","format":"standard","meta":{"footnotes":""},"categories":[302,436,439],"tags":[],"class_list":["post-120422","post","type-post","status-publish","format-standard","hentry","category-brasil-mundo","category-destaque-da-semana","category-ultima-hora"],"_links":{"self":[{"href":"https:\/\/diarioregionaldigital.com.br\/index.php?rest_route=\/wp\/v2\/posts\/120422","targetHints":{"allow":["GET"]}}],"collection":[{"href":"https:\/\/diarioregionaldigital.com.br\/index.php?rest_route=\/wp\/v2\/posts"}],"about":[{"href":"https:\/\/diarioregionaldigital.com.br\/index.php?rest_route=\/wp\/v2\/types\/post"}],"author":[{"embeddable":true,"href":"https:\/\/diarioregionaldigital.com.br\/index.php?rest_route=\/wp\/v2\/users\/96"}],"replies":[{"embeddable":true,"href":"https:\/\/diarioregionaldigital.com.br\/index.php?rest_route=%2Fwp%2Fv2%2Fcomments&post=120422"}],"version-history":[{"count":0,"href":"https:\/\/diarioregionaldigital.com.br\/index.php?rest_route=\/wp\/v2\/posts\/120422\/revisions"}],"wp:attachment":[{"href":"https:\/\/diarioregionaldigital.com.br\/index.php?rest_route=%2Fwp%2Fv2%2Fmedia&parent=120422"}],"wp:term":[{"taxonomy":"category","embeddable":true,"href":"https:\/\/diarioregionaldigital.com.br\/index.php?rest_route=%2Fwp%2Fv2%2Fcategories&post=120422"},{"taxonomy":"post_tag","embeddable":true,"href":"https:\/\/diarioregionaldigital.com.br\/index.php?rest_route=%2Fwp%2Fv2%2Ftags&post=120422"}],"curies":[{"name":"wp","href":"https:\/\/api.w.org\/{rel}","templated":true}]}}