{"id":120407,"date":"2018-09-22T11:55:24","date_gmt":"2018-09-22T14:55:24","guid":{"rendered":"https:\/\/diarioregionaldigital.com.br\/?p=120407"},"modified":"2018-09-22T11:55:24","modified_gmt":"2018-09-22T14:55:24","slug":"ufjf-fecha-acordo-com-novos-destinos-de-intercambio-em-evento-internacional","status":"publish","type":"post","link":"https:\/\/diarioregionaldigital.com.br\/?p=120407","title":{"rendered":"UFJF fecha acordo com novos destinos de interc\u00e2mbio em evento internacional"},"content":{"rendered":"<p>\u201cEntramos no mapa de internacionaliza\u00e7\u00e3o\u201d. A frase dita pela diretora de Rela\u00e7\u00f5es Internacionais da Universidade Federal de Juiz de Fora (UFJF), B\u00e1rbara Daibert, revela o orgulho de ver o s\u00edmbolo da institui\u00e7\u00e3o estampado na Confer\u00eancia Anual da Associa\u00e7\u00e3o Europeia de Educa\u00e7\u00e3o Internacional. O evento, que ocorreu em Genebra (Su\u00ed\u00e7a) entre os dias 10 e 14 deste m\u00eas, reuniu diversas universidades do mundo dispostas a firmar ou estreitar parcerias.<\/p>\n<p>A\u00a0<a href=\"https:\/\/www2.ufjf.br\/international\/\" target=\"_blank\" rel=\"noopener\">Diretoria de Rela\u00e7\u00f5es Internacionais<\/a>\u00a0(DRI) da UFJF participou pela segunda vez da confer\u00eancia, apresentando as a\u00e7\u00f5es desenvolvidas pela Universidade com foco na internacionaliza\u00e7\u00e3o. Al\u00e9m de reafirmar acordos j\u00e1 estabelecidos com outras institui\u00e7\u00f5es, o evento tamb\u00e9m permite que novas parcerias sejam feitas. \u201cEu perdi a conta de quantas reuni\u00f5es realizamos, mas \u00e9 necess\u00e1rio. Voc\u00ea n\u00e3o consegue fazer internacionaliza\u00e7\u00e3o de dentro do gabinete, \u00e9 preciso negociar cara a cara\u201d, ressalta B\u00e1rbara.<\/p>\n<p>No evento, a DRI renovou a parceria com a\u00a0<a href=\"https:\/\/international.uni.wroc.pl\/en\" target=\"_blank\" rel=\"noopener\">Universidade Tecnol\u00f3gica de Wroclaw<\/a>,\u00a0da Pol\u00f4nia, que recebe estudantes da UFJF no pa\u00eds, al\u00e9m de mandarem seus alunos para o Brasil. O acordo estabelecido com a\u00a0<a href=\"http:\/\/www.hufs.ac.kr\/\" target=\"_blank\" rel=\"noopener\">Universidade de Hankuk<\/a>,\u00a0da Coreia do Sul, tamb\u00e9m foi alterado: a institui\u00e7\u00e3o passou a oferecer bolsas para intercambistas da UFJF que se disponibilizarem a ensinar portugu\u00eas. \u201cComo n\u00f3s estamos oferecendo bolsas para os alunos deles que ensinam a l\u00edngua aqui, pedimos que eles tamb\u00e9m oferecessem US$ 300 por m\u00eas para os nossos estudantes ensinarem nosso idioma.\u201d<\/p>\n<p>A UFJF tem acordos firmados com mais de 70 institui\u00e7\u00f5es do mundo e a tend\u00eancia \u00e9 que a lista aumente. Na confer\u00eancia foi feito contato com universidades da China; do Canad\u00e1; da Esc\u00f3cia; da Holanda; da Irlanda; da Alemanha; da Fran\u00e7a; do Jap\u00e3o; de Taiwan; e da Dinamarca. O fechamento dessas parcerias est\u00e1 em processo de negocia\u00e7\u00e3o.<\/p>\n<p>Al\u00e9m do interc\u00e2mbio, os conv\u00eanios tamb\u00e9m abrem a possibilidade da realiza\u00e7\u00e3o de estudos \u00a0em conjunto com pesquisadores do exterior. \u201cOs professores da p\u00f3s-gradua\u00e7\u00e3o podem trazer um professor de uma dessas universidades parceiras e podem identificar pesquisas que tenham a ver para sugerir um projeto.\u201d<\/p>\n<p><b>Novas oportunidades<\/b><\/p>\n<p>Os alunos de gradua\u00e7\u00e3o da UFJF interessados em realizar interc\u00e2mbio podem optar por mais dois destinos: a\u00a0<a href=\"https:\/\/www.sharda.ac.in\/\" target=\"_blank\" rel=\"noopener\">Universidade de Sharda<\/a>,\u00a0na \u00cdndia, e a\u00a0<a href=\"http:\/\/en.kemerburgaz.edu.tr\/en\" target=\"_blank\" rel=\"noopener\">Universidade de Altinbas<\/a>,\u00a0na Turquia. O acordo com as institui\u00e7\u00f5es foi fechado ap\u00f3s a Confer\u00eancia em Genebra e refor\u00e7a a busca da UFJF por ampliar seu alcance no mapa mundial. \u201cAs parcerias horizontais \u2013 realizadas com pa\u00edses de Terceiro Mundo -, s\u00e3o muito interessantes porque s\u00e3o universidades que t\u00eam professores muito capacitados e que passam por problemas semelhantes aos nossos.\u201d<\/p>\n<p>B\u00e1rbara destaca, ainda, que \u00e9 importante pensar sempre em oferecer destinos diferentes, para possibilitar que os alunos conhe\u00e7am outra cultura e criem uma perspectiva mais ampla da din\u00e2mica do mundo. As institui\u00e7\u00f5es da \u00cdndia e da Turquia, al\u00e9m de enviarem alunos, tamb\u00e9m receber\u00e3o estudantes da UFJF. A Universidade de Altinbas disponibilizar\u00e1 duas bolsas no valor de US$ 800 por m\u00eas para os intercambistas com destino \u00e0 Turquia.<\/p>\n<p><b>Global July<\/b><\/p>\n<p>Entre as diversas atividades desenvolvidas pela DRI, um dos destaques \u00e9 o\u00a0<a href=\"https:\/\/www2.ufjf.br\/international\/2017\/10\/03\/global-july-program\/\" target=\"_blank\" rel=\"noopener\">Global July<\/a>.\u00a0\u00a0O evento disponibiliza, durante o m\u00eas de julho, cursos ministrados em idiomas estrangeiros na UFJF. Al\u00e9m dos professores da pr\u00f3pria institui\u00e7\u00e3o, docentes de outros pa\u00edses tamb\u00e9m s\u00e3o convidados para dar aulas em outra l\u00edngua. Neste ano, foram oferecidos cerca de 40 cursos e foram recebidos professores de seis pa\u00edses: Estados Unidos; Fran\u00e7a; Uruguai; \u00c1frica do Sul; Col\u00f4mbia; e Canad\u00e1, que ministraram cursos em portugu\u00eas, ingl\u00eas, espanhol, franc\u00eas e italiano.<\/p>\n<p>B\u00e1rbara garante que o programa Global July \u00e9 um sucesso entre os parceiros e lembra, ainda, que a presen\u00e7a da UFJF na Confer\u00eancia em Genebra facilita o contato com professores de outras institui\u00e7\u00f5es para oferecerem cursos na pr\u00f3xima edi\u00e7\u00e3o. \u201cAs pessoas sempre perguntam muito sobre Global July e, a cada ano, o programa se estrutura melhor. \u00a0Eu acredito que a pr\u00f3xima edi\u00e7\u00e3o vai ser ainda melhor e maior.\u201d<\/p>\n<p><em>Fonte: Assessoria<\/em><\/p>\n","protected":false},"excerpt":{"rendered":"<p>\u201cEntramos no mapa de internacionaliza\u00e7\u00e3o\u201d. A frase dita pela diretora de Rela\u00e7\u00f5es Internacionais da Universidade Federal de Juiz de Fora (UFJF), B\u00e1rbara Daibert, revela o orgulho de ver o s\u00edmbolo da institui\u00e7\u00e3o estampado na Confer\u00eancia Anual da Associa\u00e7\u00e3o Europeia de Educa\u00e7\u00e3o Internacional. O evento, que ocorreu em Genebra (Su\u00ed\u00e7a) entre os dias 10 e 14 [&hellip;]<\/p>\n","protected":false},"author":96,"featured_media":0,"comment_status":"closed","ping_status":"closed","sticky":false,"template":"","format":"standard","meta":{"footnotes":""},"categories":[253,436,439],"tags":[],"class_list":["post-120407","post","type-post","status-publish","format-standard","hentry","category-cidade","category-destaque-da-semana","category-ultima-hora"],"_links":{"self":[{"href":"https:\/\/diarioregionaldigital.com.br\/index.php?rest_route=\/wp\/v2\/posts\/120407","targetHints":{"allow":["GET"]}}],"collection":[{"href":"https:\/\/diarioregionaldigital.com.br\/index.php?rest_route=\/wp\/v2\/posts"}],"about":[{"href":"https:\/\/diarioregionaldigital.com.br\/index.php?rest_route=\/wp\/v2\/types\/post"}],"author":[{"embeddable":true,"href":"https:\/\/diarioregionaldigital.com.br\/index.php?rest_route=\/wp\/v2\/users\/96"}],"replies":[{"embeddable":true,"href":"https:\/\/diarioregionaldigital.com.br\/index.php?rest_route=%2Fwp%2Fv2%2Fcomments&post=120407"}],"version-history":[{"count":0,"href":"https:\/\/diarioregionaldigital.com.br\/index.php?rest_route=\/wp\/v2\/posts\/120407\/revisions"}],"wp:attachment":[{"href":"https:\/\/diarioregionaldigital.com.br\/index.php?rest_route=%2Fwp%2Fv2%2Fmedia&parent=120407"}],"wp:term":[{"taxonomy":"category","embeddable":true,"href":"https:\/\/diarioregionaldigital.com.br\/index.php?rest_route=%2Fwp%2Fv2%2Fcategories&post=120407"},{"taxonomy":"post_tag","embeddable":true,"href":"https:\/\/diarioregionaldigital.com.br\/index.php?rest_route=%2Fwp%2Fv2%2Ftags&post=120407"}],"curies":[{"name":"wp","href":"https:\/\/api.w.org\/{rel}","templated":true}]}}