{"id":120396,"date":"2018-09-22T11:37:28","date_gmt":"2018-09-22T14:37:28","guid":{"rendered":"https:\/\/diarioregionaldigital.com.br\/?p=120396"},"modified":"2018-09-22T11:37:28","modified_gmt":"2018-09-22T14:37:28","slug":"brasileiros-nao-se-sentem-prontos-para-lidar-com-a-morte-diz-pesquisa","status":"publish","type":"post","link":"https:\/\/diarioregionaldigital.com.br\/?p=120396","title":{"rendered":"Brasileiros n\u00e3o se sentem prontos para lidar com a morte, diz pesquisa"},"content":{"rendered":"<p>O brasileiro se julga pouco preparado para enfrentar a morte. Apesar disso, 79,5% concordam que a morte \u00e9 um fen\u00f4meno t\u00e3o natural quanto crescer, e 81,2% que \u201ca morte \u00e9 a \u00fanica certeza que temos\u201d.<\/p>\n<p>Levantamento feito pelo Sindicato dos Cemit\u00e9rios e Cremat\u00f3rios Particulares do Brasil (Sincep) aponta que 68% dos entrevistados concordam com a frase \u201ceu sei que a morte vir\u00e1, mas n\u00e3o me sinto pronto para isso\u201d.<\/p>\n<p>Mesmo aceitando a naturalidade do fim da vida, o levantamento mostra que 82,4% das pessoas a relacionam com um grande sofrimento e acreditam que n\u00e3o h\u00e1 nada mais dolorido que a perda de uma pessoa. Segundo o estudo, 75% dos entrevistados t\u00eam muito medo de perder algu\u00e9m. Apenas 1,6% avaliaram n\u00e3o ter receio nenhum de que alguma pessoa pr\u00f3xima morra. O levantamento entrevistou mil pessoas em todo o pa\u00eds.<\/p>\n<p>Falar sobre a morte tamb\u00e9m n\u00e3o \u00e9 muito presente no cotidiano dos entrevistados: 73,7% deles admitem que o tema tem sido evitado nas conversas. As pessoas com mais de 55 anos s\u00e3o as que mais falam sobre o assunto: 32,5% deles dizem tratar do tema cotidianamente. A porcentagem cai com a diminui\u00e7\u00e3o da faixa et\u00e1ria: de 45 a 55 anos, 29% falam sobre o tema no dia a dia; de 35 a 44 (26%); de 25 a 34 (26,4%); e de 18 a 24 (21%).<\/p>\n<p>Dentre aqueles que falam sobre a morte, 53% t\u00eam como interlocutores os amigos; 43%, a m\u00e3e; 30%, o marido; 29%, o filho; 27%, a esposa; 27%, colega de religi\u00e3o; e 24%, o pai. O levantamento aponta que 55,3% t\u00eam ci\u00eancia que conversar sobre a morte \u00e9 importante, mas concordaram com a afirma\u00e7\u00e3o de que \u201cas pessoas geralmente n\u00e3o est\u00e3o preparadas para ouvir\u201d.<\/p>\n<p>O levantamento ser\u00e1 apresentado na capital paulista na pr\u00f3xima semana durante uma confer\u00eancia internacional sobre a morte que reunir\u00e1 psic\u00f3logos, m\u00e9dicos e doulas de cuidados paliativos. A pesquisa aponta que \u00e9 cada vez menor o tempo que as pessoas passam em vel\u00f3rios e nos rituais de celebra\u00e7\u00e3o dos entes. Uma das conclus\u00f5es \u00e9 de que h\u00e1 uma nega\u00e7\u00e3o do luto entre os brasileiros.<\/p>\n<p><em>Fonte: Ag\u00eancia Brasil<\/em><\/p>\n","protected":false},"excerpt":{"rendered":"<p>O brasileiro se julga pouco preparado para enfrentar a morte. Apesar disso, 79,5% concordam que a morte \u00e9 um fen\u00f4meno t\u00e3o natural quanto crescer, e 81,2% que \u201ca morte \u00e9 a \u00fanica certeza que temos\u201d. Levantamento feito pelo Sindicato dos Cemit\u00e9rios e Cremat\u00f3rios Particulares do Brasil (Sincep) aponta que 68% dos entrevistados concordam com a [&hellip;]<\/p>\n","protected":false},"author":96,"featured_media":0,"comment_status":"closed","ping_status":"closed","sticky":false,"template":"","format":"standard","meta":{"footnotes":""},"categories":[302,439],"tags":[],"class_list":["post-120396","post","type-post","status-publish","format-standard","hentry","category-brasil-mundo","category-ultima-hora"],"_links":{"self":[{"href":"https:\/\/diarioregionaldigital.com.br\/index.php?rest_route=\/wp\/v2\/posts\/120396","targetHints":{"allow":["GET"]}}],"collection":[{"href":"https:\/\/diarioregionaldigital.com.br\/index.php?rest_route=\/wp\/v2\/posts"}],"about":[{"href":"https:\/\/diarioregionaldigital.com.br\/index.php?rest_route=\/wp\/v2\/types\/post"}],"author":[{"embeddable":true,"href":"https:\/\/diarioregionaldigital.com.br\/index.php?rest_route=\/wp\/v2\/users\/96"}],"replies":[{"embeddable":true,"href":"https:\/\/diarioregionaldigital.com.br\/index.php?rest_route=%2Fwp%2Fv2%2Fcomments&post=120396"}],"version-history":[{"count":0,"href":"https:\/\/diarioregionaldigital.com.br\/index.php?rest_route=\/wp\/v2\/posts\/120396\/revisions"}],"wp:attachment":[{"href":"https:\/\/diarioregionaldigital.com.br\/index.php?rest_route=%2Fwp%2Fv2%2Fmedia&parent=120396"}],"wp:term":[{"taxonomy":"category","embeddable":true,"href":"https:\/\/diarioregionaldigital.com.br\/index.php?rest_route=%2Fwp%2Fv2%2Fcategories&post=120396"},{"taxonomy":"post_tag","embeddable":true,"href":"https:\/\/diarioregionaldigital.com.br\/index.php?rest_route=%2Fwp%2Fv2%2Ftags&post=120396"}],"curies":[{"name":"wp","href":"https:\/\/api.w.org\/{rel}","templated":true}]}}