{"id":120372,"date":"2018-09-22T11:26:19","date_gmt":"2018-09-22T14:26:19","guid":{"rendered":"https:\/\/diarioregionaldigital.com.br\/?p=120372"},"modified":"2018-09-22T11:26:19","modified_gmt":"2018-09-22T14:26:19","slug":"dupla-e-presa-em-leopoldina-com-carro-roubado-no-rj","status":"publish","type":"post","link":"https:\/\/diarioregionaldigital.com.br\/?p=120372","title":{"rendered":"Dupla \u00e9 presa em Leopoldina com carro roubado no RJ"},"content":{"rendered":"<p>Um carro clonado foi recuperado pela Pol\u00edcia Rodovi\u00e1ria Federal (PRF) na manh\u00e3 desta sexta-feira, 21 de setembro, em Leopoldina. A condutora, de 46 anos, e o passageiro, de 26, foram detidos.\u00a0Os policiais informaram que estavam fazendo uma fiscaliza\u00e7\u00e3o de rotina na BR-116 quando abordaram o ve\u00edculo, que seguia de Mira\u00ed para o Rio de Janeiro.<\/p>\n<p>Durante vistoria, a PRF concluiu que o carro tinha a placa clonada e que o roubo do ve\u00edculo foi registrado em 2016 no Rio de Janeiro\u00a0O passageiro afirmou que era o propriet\u00e1rio do ve\u00edculo e que tinha comprado o carro em maio deste ano, na capital fluminense. Ele e a motorista foram encaminhados \u00e0 delegacia de Pol\u00edcia Civil.<\/p>\n<p>A mulher deve responder por testemunho e o jovem por recepta\u00e7\u00e3o. O ve\u00edculo foi apreendido e levado ao P\u00e1tio credenciado do Departamento de Tr\u00e2nsito (Detran) em Leopoldina.\u00a0A ocorr\u00eancia segue para investiga\u00e7\u00e3o da Pol\u00edcia Civil.<\/p>\n<p><em>Fonte: Marcelo Lopes<\/em><\/p>\n","protected":false},"excerpt":{"rendered":"<p>Um carro clonado foi recuperado pela Pol\u00edcia Rodovi\u00e1ria Federal (PRF) na manh\u00e3 desta sexta-feira, 21 de setembro, em Leopoldina. A condutora, de 46 anos, e o passageiro, de 26, foram detidos.\u00a0Os policiais informaram que estavam fazendo uma fiscaliza\u00e7\u00e3o de rotina na BR-116 quando abordaram o ve\u00edculo, que seguia de Mira\u00ed para o Rio de Janeiro. [&hellip;]<\/p>\n","protected":false},"author":96,"featured_media":0,"comment_status":"closed","ping_status":"closed","sticky":false,"template":"","format":"standard","meta":{"footnotes":""},"categories":[252,439],"tags":[],"class_list":["post-120372","post","type-post","status-publish","format-standard","hentry","category-regiao","category-ultima-hora"],"_links":{"self":[{"href":"https:\/\/diarioregionaldigital.com.br\/index.php?rest_route=\/wp\/v2\/posts\/120372","targetHints":{"allow":["GET"]}}],"collection":[{"href":"https:\/\/diarioregionaldigital.com.br\/index.php?rest_route=\/wp\/v2\/posts"}],"about":[{"href":"https:\/\/diarioregionaldigital.com.br\/index.php?rest_route=\/wp\/v2\/types\/post"}],"author":[{"embeddable":true,"href":"https:\/\/diarioregionaldigital.com.br\/index.php?rest_route=\/wp\/v2\/users\/96"}],"replies":[{"embeddable":true,"href":"https:\/\/diarioregionaldigital.com.br\/index.php?rest_route=%2Fwp%2Fv2%2Fcomments&post=120372"}],"version-history":[{"count":0,"href":"https:\/\/diarioregionaldigital.com.br\/index.php?rest_route=\/wp\/v2\/posts\/120372\/revisions"}],"wp:attachment":[{"href":"https:\/\/diarioregionaldigital.com.br\/index.php?rest_route=%2Fwp%2Fv2%2Fmedia&parent=120372"}],"wp:term":[{"taxonomy":"category","embeddable":true,"href":"https:\/\/diarioregionaldigital.com.br\/index.php?rest_route=%2Fwp%2Fv2%2Fcategories&post=120372"},{"taxonomy":"post_tag","embeddable":true,"href":"https:\/\/diarioregionaldigital.com.br\/index.php?rest_route=%2Fwp%2Fv2%2Ftags&post=120372"}],"curies":[{"name":"wp","href":"https:\/\/api.w.org\/{rel}","templated":true}]}}