{"id":120368,"date":"2018-09-22T10:52:20","date_gmt":"2018-09-22T13:52:20","guid":{"rendered":"https:\/\/diarioregionaldigital.com.br\/?p=120368"},"modified":"2018-09-22T10:52:20","modified_gmt":"2018-09-22T13:52:20","slug":"mulher-embriagada-gera-acidente-de-transito-no-centro","status":"publish","type":"post","link":"https:\/\/diarioregionaldigital.com.br\/?p=120368","title":{"rendered":"Mulher embriagada gera acidente de tr\u00e2nsito no Centro"},"content":{"rendered":"<p>A Pol\u00edcia Militar registrou nessa sexta-feira, 21, um acidente de\u00a0tr\u00e2nsito na Avenida Presidente Itamar Franco, no Centro de Juiz de Fora. Segundo uma das motoristas envolvidas no ocorrido, que tem 31 anos, ela trafegava pela via quando precisou parar devido a um congestionamento. Neste momento, um outro ve\u00edculo que vinha atr\u00e1s bateu na traseira. Ningu\u00e9m se feriu<\/p>\n<p>A motorista que conduzia o carro que n\u00e3o conseguiu frear a tempo tem 60 anos e estava sem carteira de habilita\u00e7\u00e3o. Segundo a Pol\u00edcia Militar, ela estava com sintomas de embriaguez, falando frases desconexas e com andar cambaleante. A mulher se recusou a fazer o teste do baf\u00f4metro, mas confessou ter consumido bebida alco\u00f3lica em um churrasco.<\/p>\n<p>A motorista foi presa em flagrante e encaminhada \u00a0\u00e0 delegacia para demais provid\u00eancias.<\/p>\n","protected":false},"excerpt":{"rendered":"<p>A Pol\u00edcia Militar registrou nessa sexta-feira, 21, um acidente de\u00a0tr\u00e2nsito na Avenida Presidente Itamar Franco, no Centro de Juiz de Fora. Segundo uma das motoristas envolvidas no ocorrido, que tem 31 anos, ela trafegava pela via quando precisou parar devido a um congestionamento. Neste momento, um outro ve\u00edculo que vinha atr\u00e1s bateu na traseira. Ningu\u00e9m [&hellip;]<\/p>\n","protected":false},"author":96,"featured_media":95836,"comment_status":"closed","ping_status":"closed","sticky":false,"template":"","format":"standard","meta":{"footnotes":""},"categories":[301],"tags":[],"class_list":["post-120368","post","type-post","status-publish","format-standard","has-post-thumbnail","hentry","category-artigos-policiais"],"_links":{"self":[{"href":"https:\/\/diarioregionaldigital.com.br\/index.php?rest_route=\/wp\/v2\/posts\/120368","targetHints":{"allow":["GET"]}}],"collection":[{"href":"https:\/\/diarioregionaldigital.com.br\/index.php?rest_route=\/wp\/v2\/posts"}],"about":[{"href":"https:\/\/diarioregionaldigital.com.br\/index.php?rest_route=\/wp\/v2\/types\/post"}],"author":[{"embeddable":true,"href":"https:\/\/diarioregionaldigital.com.br\/index.php?rest_route=\/wp\/v2\/users\/96"}],"replies":[{"embeddable":true,"href":"https:\/\/diarioregionaldigital.com.br\/index.php?rest_route=%2Fwp%2Fv2%2Fcomments&post=120368"}],"version-history":[{"count":0,"href":"https:\/\/diarioregionaldigital.com.br\/index.php?rest_route=\/wp\/v2\/posts\/120368\/revisions"}],"wp:featuredmedia":[{"embeddable":true,"href":"https:\/\/diarioregionaldigital.com.br\/index.php?rest_route=\/wp\/v2\/media\/95836"}],"wp:attachment":[{"href":"https:\/\/diarioregionaldigital.com.br\/index.php?rest_route=%2Fwp%2Fv2%2Fmedia&parent=120368"}],"wp:term":[{"taxonomy":"category","embeddable":true,"href":"https:\/\/diarioregionaldigital.com.br\/index.php?rest_route=%2Fwp%2Fv2%2Fcategories&post=120368"},{"taxonomy":"post_tag","embeddable":true,"href":"https:\/\/diarioregionaldigital.com.br\/index.php?rest_route=%2Fwp%2Fv2%2Ftags&post=120368"}],"curies":[{"name":"wp","href":"https:\/\/api.w.org\/{rel}","templated":true}]}}