{"id":120366,"date":"2018-09-22T10:34:14","date_gmt":"2018-09-22T13:34:14","guid":{"rendered":"https:\/\/diarioregionaldigital.com.br\/?p=120366"},"modified":"2018-09-22T10:34:14","modified_gmt":"2018-09-22T13:34:14","slug":"homem-e-assaltado-apos-parar-para-trocar-pneu-do-carro","status":"publish","type":"post","link":"https:\/\/diarioregionaldigital.com.br\/?p=120366","title":{"rendered":"Homem \u00e9 assaltado ap\u00f3s parar para trocar pneu do carro"},"content":{"rendered":"<p>Um homem, de 28 anos, foi assaltado na madrugada deste s\u00e1bado, 22, na Avenida Manoel Va de Magalh\u00e3es, no bairro S\u00e3o Pedro, na Cidade Alta. Ele passava pela via quando percebeu que o pneu do carro em que estava havia furado. Ao parar para efetuar a troca, o rapaz foi abordado por dois indiv\u00edduos que estavam em uma motocicleta.<\/p>\n<p>Um dos autores colocou um objeto pontiagudo nas costas da v\u00edtima e anunciou o assalto. Eles exigiram que o propriet\u00e1rio do carro ficasse parado olhando em dire\u00e7\u00e3o a um matagal que existe na regi\u00e3o, enquanto eles entravam no ve\u00edculo e roubavam os pertences da v\u00edtima. Foi levada uma mochila que continha documentos, celular e R$200.<\/p>\n<p>O rapaz que sofreu o assalto n\u00e3o soube fornecer para a Pol\u00edcia Militar caracter\u00edsticas dos autores nem da motocicleta usada pelos autores. At\u00e9 o momento, ningu\u00e9m foi preso.<\/p>\n","protected":false},"excerpt":{"rendered":"<p>Um homem, de 28 anos, foi assaltado na madrugada deste s\u00e1bado, 22, na Avenida Manoel Va de Magalh\u00e3es, no bairro S\u00e3o Pedro, na Cidade Alta. Ele passava pela via quando percebeu que o pneu do carro em que estava havia furado. Ao parar para efetuar a troca, o rapaz foi abordado por dois indiv\u00edduos que [&hellip;]<\/p>\n","protected":false},"author":96,"featured_media":95836,"comment_status":"closed","ping_status":"closed","sticky":false,"template":"","format":"standard","meta":{"footnotes":""},"categories":[301],"tags":[],"class_list":["post-120366","post","type-post","status-publish","format-standard","has-post-thumbnail","hentry","category-artigos-policiais"],"_links":{"self":[{"href":"https:\/\/diarioregionaldigital.com.br\/index.php?rest_route=\/wp\/v2\/posts\/120366","targetHints":{"allow":["GET"]}}],"collection":[{"href":"https:\/\/diarioregionaldigital.com.br\/index.php?rest_route=\/wp\/v2\/posts"}],"about":[{"href":"https:\/\/diarioregionaldigital.com.br\/index.php?rest_route=\/wp\/v2\/types\/post"}],"author":[{"embeddable":true,"href":"https:\/\/diarioregionaldigital.com.br\/index.php?rest_route=\/wp\/v2\/users\/96"}],"replies":[{"embeddable":true,"href":"https:\/\/diarioregionaldigital.com.br\/index.php?rest_route=%2Fwp%2Fv2%2Fcomments&post=120366"}],"version-history":[{"count":0,"href":"https:\/\/diarioregionaldigital.com.br\/index.php?rest_route=\/wp\/v2\/posts\/120366\/revisions"}],"wp:featuredmedia":[{"embeddable":true,"href":"https:\/\/diarioregionaldigital.com.br\/index.php?rest_route=\/wp\/v2\/media\/95836"}],"wp:attachment":[{"href":"https:\/\/diarioregionaldigital.com.br\/index.php?rest_route=%2Fwp%2Fv2%2Fmedia&parent=120366"}],"wp:term":[{"taxonomy":"category","embeddable":true,"href":"https:\/\/diarioregionaldigital.com.br\/index.php?rest_route=%2Fwp%2Fv2%2Fcategories&post=120366"},{"taxonomy":"post_tag","embeddable":true,"href":"https:\/\/diarioregionaldigital.com.br\/index.php?rest_route=%2Fwp%2Fv2%2Ftags&post=120366"}],"curies":[{"name":"wp","href":"https:\/\/api.w.org\/{rel}","templated":true}]}}