{"id":120360,"date":"2018-09-22T09:38:57","date_gmt":"2018-09-22T12:38:57","guid":{"rendered":"https:\/\/diarioregionaldigital.com.br\/?p=120360"},"modified":"2018-09-22T09:38:57","modified_gmt":"2018-09-22T12:38:57","slug":"homem-e-detido-por-populares-ao-tentar-assaltar-supermercado","status":"publish","type":"post","link":"https:\/\/diarioregionaldigital.com.br\/?p=120360","title":{"rendered":"Homem \u00e9 detido por populares ao tentar assaltar supermercado"},"content":{"rendered":"<p>Um homem de 43 anos tentou assaltar um supermercado nessa sexta-feira, 21, na Rua Halfeld, no \u00a0bairro Costa Carvalho, regi\u00e3o Sudeste de Juiz de Fora. Segundo testemunhas, o autor entrou no estabelecimento comercial por volta de 12h e anunciou o assalto, exigindo que um funcion\u00e1rio, de 22 anos, entregasse todo o dinheiro do caixa. O assaltante estava com um rev\u00f3lver em m\u00e3os, que depois descobriu-se que era falso.<\/p>\n<p>Clientes que estavam no supermercado detiveram o homem e o imobilizaram at\u00e9 a chegada da Pol\u00edcia Militar. Ele foi preso em flagrante e encaminhado para a delegacia.<\/p>\n","protected":false},"excerpt":{"rendered":"<p>Um homem de 43 anos tentou assaltar um supermercado nessa sexta-feira, 21, na Rua Halfeld, no \u00a0bairro Costa Carvalho, regi\u00e3o Sudeste de Juiz de Fora. Segundo testemunhas, o autor entrou no estabelecimento comercial por volta de 12h e anunciou o assalto, exigindo que um funcion\u00e1rio, de 22 anos, entregasse todo o dinheiro do caixa. O [&hellip;]<\/p>\n","protected":false},"author":96,"featured_media":95836,"comment_status":"closed","ping_status":"closed","sticky":false,"template":"","format":"standard","meta":{"footnotes":""},"categories":[301],"tags":[],"class_list":["post-120360","post","type-post","status-publish","format-standard","has-post-thumbnail","hentry","category-artigos-policiais"],"_links":{"self":[{"href":"https:\/\/diarioregionaldigital.com.br\/index.php?rest_route=\/wp\/v2\/posts\/120360","targetHints":{"allow":["GET"]}}],"collection":[{"href":"https:\/\/diarioregionaldigital.com.br\/index.php?rest_route=\/wp\/v2\/posts"}],"about":[{"href":"https:\/\/diarioregionaldigital.com.br\/index.php?rest_route=\/wp\/v2\/types\/post"}],"author":[{"embeddable":true,"href":"https:\/\/diarioregionaldigital.com.br\/index.php?rest_route=\/wp\/v2\/users\/96"}],"replies":[{"embeddable":true,"href":"https:\/\/diarioregionaldigital.com.br\/index.php?rest_route=%2Fwp%2Fv2%2Fcomments&post=120360"}],"version-history":[{"count":0,"href":"https:\/\/diarioregionaldigital.com.br\/index.php?rest_route=\/wp\/v2\/posts\/120360\/revisions"}],"wp:featuredmedia":[{"embeddable":true,"href":"https:\/\/diarioregionaldigital.com.br\/index.php?rest_route=\/wp\/v2\/media\/95836"}],"wp:attachment":[{"href":"https:\/\/diarioregionaldigital.com.br\/index.php?rest_route=%2Fwp%2Fv2%2Fmedia&parent=120360"}],"wp:term":[{"taxonomy":"category","embeddable":true,"href":"https:\/\/diarioregionaldigital.com.br\/index.php?rest_route=%2Fwp%2Fv2%2Fcategories&post=120360"},{"taxonomy":"post_tag","embeddable":true,"href":"https:\/\/diarioregionaldigital.com.br\/index.php?rest_route=%2Fwp%2Fv2%2Ftags&post=120360"}],"curies":[{"name":"wp","href":"https:\/\/api.w.org\/{rel}","templated":true}]}}