{"id":120359,"date":"2018-09-22T10:16:14","date_gmt":"2018-09-22T13:16:14","guid":{"rendered":"https:\/\/diarioregionaldigital.com.br\/?p=120359"},"modified":"2018-09-22T10:16:14","modified_gmt":"2018-09-22T13:16:14","slug":"mega-sena-pode-pagar-premio-de-r-22-milhoes-neste-sabado","status":"publish","type":"post","link":"https:\/\/diarioregionaldigital.com.br\/?p=120359","title":{"rendered":"Mega-Sena pode pagar pr\u00eamio de R$ 22 milh\u00f5es neste s\u00e1bado"},"content":{"rendered":"<p>O sorteio de n\u00famero 2.081 da Mega-Sena pode pagar neste s\u00e1bado, 22, o pr\u00eamio de R$ 22 milh\u00f5es para quem acertar as seis dezenas. Est\u00e1 semana ser\u00e3o realizados tr\u00eas concursos na Mega-Sena especial,\u00a0&#8220;Mega Semana do Apostador&#8221;, que homenageia os apostadores. Os dois primeiros foram na ter\u00e7a, 18, e na quinta, 20.<\/p>\n<p>O sorteio ocorre \u00e0s 20h (hor\u00e1rio de Bras\u00edlia) deste s\u00e1bado, 22, no munic\u00edpio de Oliveira (MG).\u00a0As apostas podem ser feitas at\u00e9 \u00e0s 19h (de Bras\u00edlia) em qualquer uma das mais de 13 mil casas lot\u00e9ricas credenciadas pela Caixa em todo o pa\u00eds.<\/p>\n<div class=\"wall\">\n<div class=\"mc-column content-text active-extra-styles \" data-block-type=\"unstyled\" data-block-weight=\"32\" data-block-id=\"3\">\n<p class=\"content-text__container \" data-track-category=\"Link no Texto\" data-track-links=\"\">\n<\/div>\n<\/div>\n","protected":false},"excerpt":{"rendered":"<p>O sorteio de n\u00famero 2.081 da Mega-Sena pode pagar neste s\u00e1bado, 22, o pr\u00eamio de R$ 22 milh\u00f5es para quem acertar as seis dezenas. Est\u00e1 semana ser\u00e3o realizados tr\u00eas concursos na Mega-Sena especial,\u00a0&#8220;Mega Semana do Apostador&#8221;, que homenageia os apostadores. Os dois primeiros foram na ter\u00e7a, 18, e na quinta, 20. O sorteio ocorre \u00e0s [&hellip;]<\/p>\n","protected":false},"author":96,"featured_media":112050,"comment_status":"closed","ping_status":"closed","sticky":false,"template":"","format":"standard","meta":{"footnotes":""},"categories":[436,261,439],"tags":[],"class_list":["post-120359","post","type-post","status-publish","format-standard","has-post-thumbnail","hentry","category-destaque-da-semana","category-economia","category-ultima-hora"],"_links":{"self":[{"href":"https:\/\/diarioregionaldigital.com.br\/index.php?rest_route=\/wp\/v2\/posts\/120359","targetHints":{"allow":["GET"]}}],"collection":[{"href":"https:\/\/diarioregionaldigital.com.br\/index.php?rest_route=\/wp\/v2\/posts"}],"about":[{"href":"https:\/\/diarioregionaldigital.com.br\/index.php?rest_route=\/wp\/v2\/types\/post"}],"author":[{"embeddable":true,"href":"https:\/\/diarioregionaldigital.com.br\/index.php?rest_route=\/wp\/v2\/users\/96"}],"replies":[{"embeddable":true,"href":"https:\/\/diarioregionaldigital.com.br\/index.php?rest_route=%2Fwp%2Fv2%2Fcomments&post=120359"}],"version-history":[{"count":0,"href":"https:\/\/diarioregionaldigital.com.br\/index.php?rest_route=\/wp\/v2\/posts\/120359\/revisions"}],"wp:featuredmedia":[{"embeddable":true,"href":"https:\/\/diarioregionaldigital.com.br\/index.php?rest_route=\/wp\/v2\/media\/112050"}],"wp:attachment":[{"href":"https:\/\/diarioregionaldigital.com.br\/index.php?rest_route=%2Fwp%2Fv2%2Fmedia&parent=120359"}],"wp:term":[{"taxonomy":"category","embeddable":true,"href":"https:\/\/diarioregionaldigital.com.br\/index.php?rest_route=%2Fwp%2Fv2%2Fcategories&post=120359"},{"taxonomy":"post_tag","embeddable":true,"href":"https:\/\/diarioregionaldigital.com.br\/index.php?rest_route=%2Fwp%2Fv2%2Ftags&post=120359"}],"curies":[{"name":"wp","href":"https:\/\/api.w.org\/{rel}","templated":true}]}}