{"id":120354,"date":"2018-09-22T09:22:13","date_gmt":"2018-09-22T12:22:13","guid":{"rendered":"https:\/\/diarioregionaldigital.com.br\/?p=120354"},"modified":"2018-09-22T09:22:13","modified_gmt":"2018-09-22T12:22:13","slug":"dolar-fecha-semana-com-maior-queda-acumulada-desde-julho-de-2017","status":"publish","type":"post","link":"https:\/\/diarioregionaldigital.com.br\/?p=120354","title":{"rendered":"D\u00f3lar fecha semana com maior queda acumulada desde julho de 2017"},"content":{"rendered":"<p>A cota\u00e7\u00e3o da moeda norte-americana fechou a semana estabelecendo o menor valor registrado no m\u00eas, com baixa de 0,59%, cotada a R$ 4,0477 para venda. A desvaloriza\u00e7\u00e3o do d\u00f3lar ocorreu pelo terceiro dia consecutivo, acumulando uma queda na semana de 2,86%. Desde\u00a014 de julho\u00a0de 2017, a moeda norte-americana n\u00e3o acumulava uma queda neste patamar.<\/p>\n<p>O \u00edndice B3, da Bolsa de Valores de S\u00e3o Paulo (Bovespa), encerrou o preg\u00e3o dessa sexta-feira, 21, em alta de 1,70%, com 79.444 pontos. A valoriza\u00e7\u00e3o acumulada na semana de 5,3% representa o segundo maior ganho de 2018, revertendo as duas \u00faltimas semanas em queda. Os pap\u00e9is das grandes empresas, chamadas de blue chip, fecharam em alta com destaque para Vale com valoriza\u00e7\u00e3o de 2,85% e Petrobras com alta de 1,36%.<\/p>\n<p>Fonte: Ag\u00eancia Brasil<\/p>\n","protected":false},"excerpt":{"rendered":"<p>A cota\u00e7\u00e3o da moeda norte-americana fechou a semana estabelecendo o menor valor registrado no m\u00eas, com baixa de 0,59%, cotada a R$ 4,0477 para venda. A desvaloriza\u00e7\u00e3o do d\u00f3lar ocorreu pelo terceiro dia consecutivo, acumulando uma queda na semana de 2,86%. Desde\u00a014 de julho\u00a0de 2017, a moeda norte-americana n\u00e3o acumulava uma queda neste patamar. O [&hellip;]<\/p>\n","protected":false},"author":96,"featured_media":120355,"comment_status":"closed","ping_status":"closed","sticky":false,"template":"","format":"standard","meta":{"footnotes":""},"categories":[436,261,439],"tags":[],"class_list":["post-120354","post","type-post","status-publish","format-standard","has-post-thumbnail","hentry","category-destaque-da-semana","category-economia","category-ultima-hora"],"_links":{"self":[{"href":"https:\/\/diarioregionaldigital.com.br\/index.php?rest_route=\/wp\/v2\/posts\/120354","targetHints":{"allow":["GET"]}}],"collection":[{"href":"https:\/\/diarioregionaldigital.com.br\/index.php?rest_route=\/wp\/v2\/posts"}],"about":[{"href":"https:\/\/diarioregionaldigital.com.br\/index.php?rest_route=\/wp\/v2\/types\/post"}],"author":[{"embeddable":true,"href":"https:\/\/diarioregionaldigital.com.br\/index.php?rest_route=\/wp\/v2\/users\/96"}],"replies":[{"embeddable":true,"href":"https:\/\/diarioregionaldigital.com.br\/index.php?rest_route=%2Fwp%2Fv2%2Fcomments&post=120354"}],"version-history":[{"count":0,"href":"https:\/\/diarioregionaldigital.com.br\/index.php?rest_route=\/wp\/v2\/posts\/120354\/revisions"}],"wp:featuredmedia":[{"embeddable":true,"href":"https:\/\/diarioregionaldigital.com.br\/index.php?rest_route=\/wp\/v2\/media\/120355"}],"wp:attachment":[{"href":"https:\/\/diarioregionaldigital.com.br\/index.php?rest_route=%2Fwp%2Fv2%2Fmedia&parent=120354"}],"wp:term":[{"taxonomy":"category","embeddable":true,"href":"https:\/\/diarioregionaldigital.com.br\/index.php?rest_route=%2Fwp%2Fv2%2Fcategories&post=120354"},{"taxonomy":"post_tag","embeddable":true,"href":"https:\/\/diarioregionaldigital.com.br\/index.php?rest_route=%2Fwp%2Fv2%2Ftags&post=120354"}],"curies":[{"name":"wp","href":"https:\/\/api.w.org\/{rel}","templated":true}]}}