{"id":120343,"date":"2018-09-22T07:30:51","date_gmt":"2018-09-22T10:30:51","guid":{"rendered":"https:\/\/diarioregionaldigital.com.br\/?p=120343"},"modified":"2018-09-22T07:33:37","modified_gmt":"2018-09-22T10:33:37","slug":"pela-primeira-vez-toffoli-assumira-a-presidencia-no-lugar-de-temer","status":"publish","type":"post","link":"https:\/\/diarioregionaldigital.com.br\/?p=120343","title":{"rendered":"Pela primeira vez, Toffoli assumir\u00e1 a Presid\u00eancia no lugar de Temer"},"content":{"rendered":"<p>Doze dias depois de assumir o comando do Supremo Tribunal Federal (STF) , o ministro Dias Toffoli\u00a0substituir\u00e1 o presidente Michel Temer na Presid\u00eancia da Rep\u00fablica. Temer viaja no\u00a0domingo, 23, para Nova York (EUA), quando participar\u00e1 da cerim\u00f4nia de abertura da 73\u00aa Assembleia Geral da Organiza\u00e7\u00e3o das Na\u00e7\u00f5es Unidas (ONU).<\/p>\n<p>Ser\u00e1 a primeira vez que Toffoli assumir\u00e1 o Pal\u00e1cio do Planalto. Como o cargo de vice-presidente est\u00e1 vago, a primeira pessoa da linha sucess\u00f3ria no pa\u00eds \u00e9 o presidente da C\u00e2mara dos Deputados, Rodrigo Maia (DEM-RJ), e a\u00a0segunda, o do Senado, Eun\u00edcio Oliveira (PMDB-CE).<\/p>\n<p>No entanto, a legisla\u00e7\u00e3o eleitoral impede a candidatura de ocupantes de cargos no Executivo nos seis meses que antecedem as elei\u00e7\u00f5es. Dessa forma, se Maia ou Eun\u00edcio assumissem a Presid\u00eancia, ficariam ineleg\u00edveis e n\u00e3o poderiam disputar as elei\u00e7\u00f5es\u00a0de outubro.<\/p>\n<p>A viagem de Temer est\u00e1 prevista no dia do seu anivers\u00e1rio, quando completa 78 anos.<\/p>\n<p>A Assembleia Geral da ONU est\u00e1 marcada para a\u00a0ter\u00e7a-feira, 25, e est\u00e1 previsto um discurso do presidente brasileiro. Esta ser\u00e1 a \u00faltima vez que Temer vai participar da reuni\u00e3o das Na\u00e7\u00f5es Unidas como presidente da Rep\u00fablica.<\/p>\n<p>Depois da assembleia, est\u00e1 prevista uma reuni\u00e3o bilateral com chefes de Estado ainda a serem confirmados. Tamb\u00e9m h\u00e1 a perspectiva de reuni\u00e3o dos l\u00edderes do Mercosul com os representantes da Uni\u00e3o Europeia para discuss\u00e3o sobre temas econ\u00f4micos.<\/p>\n<p>Fonte: Ag\u00eancia Brasil<\/p>\n","protected":false},"excerpt":{"rendered":"<p>Doze dias depois de assumir o comando do Supremo Tribunal Federal (STF) , o ministro Dias Toffoli\u00a0substituir\u00e1 o presidente Michel Temer na Presid\u00eancia da Rep\u00fablica. Temer viaja no\u00a0domingo, 23, para Nova York (EUA), quando participar\u00e1 da cerim\u00f4nia de abertura da 73\u00aa Assembleia Geral da Organiza\u00e7\u00e3o das Na\u00e7\u00f5es Unidas (ONU). Ser\u00e1 a primeira vez que Toffoli [&hellip;]<\/p>\n","protected":false},"author":96,"featured_media":120344,"comment_status":"closed","ping_status":"closed","sticky":false,"template":"","format":"standard","meta":{"footnotes":""},"categories":[436,254,439],"tags":[],"class_list":["post-120343","post","type-post","status-publish","format-standard","has-post-thumbnail","hentry","category-destaque-da-semana","category-politica","category-ultima-hora"],"_links":{"self":[{"href":"https:\/\/diarioregionaldigital.com.br\/index.php?rest_route=\/wp\/v2\/posts\/120343","targetHints":{"allow":["GET"]}}],"collection":[{"href":"https:\/\/diarioregionaldigital.com.br\/index.php?rest_route=\/wp\/v2\/posts"}],"about":[{"href":"https:\/\/diarioregionaldigital.com.br\/index.php?rest_route=\/wp\/v2\/types\/post"}],"author":[{"embeddable":true,"href":"https:\/\/diarioregionaldigital.com.br\/index.php?rest_route=\/wp\/v2\/users\/96"}],"replies":[{"embeddable":true,"href":"https:\/\/diarioregionaldigital.com.br\/index.php?rest_route=%2Fwp%2Fv2%2Fcomments&post=120343"}],"version-history":[{"count":0,"href":"https:\/\/diarioregionaldigital.com.br\/index.php?rest_route=\/wp\/v2\/posts\/120343\/revisions"}],"wp:featuredmedia":[{"embeddable":true,"href":"https:\/\/diarioregionaldigital.com.br\/index.php?rest_route=\/wp\/v2\/media\/120344"}],"wp:attachment":[{"href":"https:\/\/diarioregionaldigital.com.br\/index.php?rest_route=%2Fwp%2Fv2%2Fmedia&parent=120343"}],"wp:term":[{"taxonomy":"category","embeddable":true,"href":"https:\/\/diarioregionaldigital.com.br\/index.php?rest_route=%2Fwp%2Fv2%2Fcategories&post=120343"},{"taxonomy":"post_tag","embeddable":true,"href":"https:\/\/diarioregionaldigital.com.br\/index.php?rest_route=%2Fwp%2Fv2%2Ftags&post=120343"}],"curies":[{"name":"wp","href":"https:\/\/api.w.org\/{rel}","templated":true}]}}