{"id":120337,"date":"2018-09-22T07:19:08","date_gmt":"2018-09-22T10:19:08","guid":{"rendered":"https:\/\/diarioregionaldigital.com.br\/?p=120337"},"modified":"2018-09-22T07:21:27","modified_gmt":"2018-09-22T10:21:27","slug":"pais-registra-criacao-de-110-mil-novas-vagas-de-trabalho-em-agosto","status":"publish","type":"post","link":"https:\/\/diarioregionaldigital.com.br\/?p=120337","title":{"rendered":"Pa\u00eds registra cria\u00e7\u00e3o de 110 mil novas vagas de trabalho em agosto"},"content":{"rendered":"<p>Puxado pelo setor de Servi\u00e7os, o emprego formal registrou crescimento de 0,29% em agosto, fechando o m\u00eas com um saldo positivo de 110,4 mil novas vagas. De acordo com o Cadastro Geral de Empregados e Desempregados (Caged), divulgado nessa sexta-feira, 21, pelo Minist\u00e9rio do Trabalho, houve no m\u00eas passado pouco mais de 1,353 milh\u00e3o de admiss\u00f5es, contra 1,243 milh\u00e3o de desligamentos.<\/p>\n<p>Este \u00e9 o oitavo m\u00eas consecutivo em que o n\u00famero de novos contratos de trabalho supera as demiss\u00f5es. Segundo o minist\u00e9rio do Trabalho, o mercado formal tem apresentado resultados positivos no acumulado do ano e nos \u00faltimos doze meses. De janeiro a agosto, houve acr\u00e9scimo de aproximadamente 568 mil vagas. J\u00e1 na s\u00e9rie hist\u00f3rica desde setembro do ano passado, o saldo positivo \u00e9 de 357 mil postos de trabalho.<\/p>\n<p>Com os dados, o n\u00edvel de estoque do emprego formal aumentou para 38,4 milh\u00f5es, n\u00famero superior que os 38 milh\u00f5es\u00a0de agosto\u00a0de 2017 mas abaixo do apresentado no mesmo per\u00edodo nos anos anteriores, desde 2012. A informa\u00e7\u00e3o dos novos empregos com carteira assinada foi comemorada\u00a0ontem\u00a0<a href=\"http:\/\/http\/\/agenciabrasil.ebc.com.br\/economia\/noticia\/2018-09\/temer-antecipa-dados-do-caged-com-criacao-de-100-mil-vagas-em-agosto\" target=\"_blank\" rel=\"noopener\">pelo presidente Michel Temer pelo twitter<\/a>.<\/p>\n<p>Entre 2010 e 2014, o Brasil apresentou desempenho positivo nos dados do Caged, apresentando grandes quedas em 2015 e 2016. Em 2017 o saldo tamb\u00e9m foi negativo, mas menor, com 123 mil postos de trabalho fechados. Este ano, com um saldo de meio milh\u00e3o de novos empregos, o pa\u00eds registra bons resultados em praticamente todos os setores de atividade econ\u00f4mica, como ind\u00fastria de transforma\u00e7\u00e3o, servi\u00e7os e agricultura. A exce\u00e7\u00e3o \u00e9 o setor de com\u00e9rcio, impulsionado pelas demiss\u00f5es no com\u00e9rcio varejista.<\/p>\n<p>Fonte: Ag\u00eancia Brasil<\/p>\n","protected":false},"excerpt":{"rendered":"<p>Puxado pelo setor de Servi\u00e7os, o emprego formal registrou crescimento de 0,29% em agosto, fechando o m\u00eas com um saldo positivo de 110,4 mil novas vagas. De acordo com o Cadastro Geral de Empregados e Desempregados (Caged), divulgado nessa sexta-feira, 21, pelo Minist\u00e9rio do Trabalho, houve no m\u00eas passado pouco mais de 1,353 milh\u00e3o de [&hellip;]<\/p>\n","protected":false},"author":96,"featured_media":120338,"comment_status":"closed","ping_status":"closed","sticky":false,"template":"","format":"standard","meta":{"footnotes":""},"categories":[302,436,261,439],"tags":[],"class_list":["post-120337","post","type-post","status-publish","format-standard","has-post-thumbnail","hentry","category-brasil-mundo","category-destaque-da-semana","category-economia","category-ultima-hora"],"_links":{"self":[{"href":"https:\/\/diarioregionaldigital.com.br\/index.php?rest_route=\/wp\/v2\/posts\/120337","targetHints":{"allow":["GET"]}}],"collection":[{"href":"https:\/\/diarioregionaldigital.com.br\/index.php?rest_route=\/wp\/v2\/posts"}],"about":[{"href":"https:\/\/diarioregionaldigital.com.br\/index.php?rest_route=\/wp\/v2\/types\/post"}],"author":[{"embeddable":true,"href":"https:\/\/diarioregionaldigital.com.br\/index.php?rest_route=\/wp\/v2\/users\/96"}],"replies":[{"embeddable":true,"href":"https:\/\/diarioregionaldigital.com.br\/index.php?rest_route=%2Fwp%2Fv2%2Fcomments&post=120337"}],"version-history":[{"count":0,"href":"https:\/\/diarioregionaldigital.com.br\/index.php?rest_route=\/wp\/v2\/posts\/120337\/revisions"}],"wp:featuredmedia":[{"embeddable":true,"href":"https:\/\/diarioregionaldigital.com.br\/index.php?rest_route=\/wp\/v2\/media\/120338"}],"wp:attachment":[{"href":"https:\/\/diarioregionaldigital.com.br\/index.php?rest_route=%2Fwp%2Fv2%2Fmedia&parent=120337"}],"wp:term":[{"taxonomy":"category","embeddable":true,"href":"https:\/\/diarioregionaldigital.com.br\/index.php?rest_route=%2Fwp%2Fv2%2Fcategories&post=120337"},{"taxonomy":"post_tag","embeddable":true,"href":"https:\/\/diarioregionaldigital.com.br\/index.php?rest_route=%2Fwp%2Fv2%2Ftags&post=120337"}],"curies":[{"name":"wp","href":"https:\/\/api.w.org\/{rel}","templated":true}]}}