{"id":120334,"date":"2018-09-23T06:00:19","date_gmt":"2018-09-23T09:00:19","guid":{"rendered":"https:\/\/diarioregionaldigital.com.br\/?p=120334"},"modified":"2018-09-22T01:55:17","modified_gmt":"2018-09-22T04:55:17","slug":"prefeitura-municipal-de-tocantins-no085-23-09-18","status":"publish","type":"post","link":"https:\/\/diarioregionaldigital.com.br\/?p=120334","title":{"rendered":"Prefeitura Municipal de Tocantins &#8211; n\u00ba085 23\/09\/18"},"content":{"rendered":"<p style=\"margin: 0cm; margin-bottom: .0001pt; text-align: center; background: white;\" align=\"center\"><b><span style=\"font-size: 14.0pt; color: black;\">AVISO DE REDESIGNA\u00c7\u00c3O<\/span><\/b><\/p>\n<p style=\"margin: 0cm; margin-bottom: .0001pt; text-align: center; background: white;\" align=\"center\"><b><span style=\"font-size: 14.0pt; color: black;\">\u00a0<\/span><\/b><b><span style=\"font-size: 14.0pt; color: black;\">Licita\u00e7\u00e3o n\u00b0 085\/2018<\/span><\/b><\/p>\n<p style=\"margin: 0cm; margin-bottom: .0001pt; text-align: center; background: white;\" align=\"center\"><b><span style=\"font-size: 14.0pt; color: black;\">Modalidade de Preg\u00e3o Presencial n\u00b0 064\/2018<\/span><\/b><\/p>\n<p style=\"margin: 0cm; margin-bottom: .0001pt; text-align: center; background: white;\" align=\"center\"><b><span style=\"font-size: 14.0pt; color: black;\">\u00a0<\/span><\/b><span style=\"font-size: 14.0pt; color: #222222;\">O pregoeiro da PM de Tocantins faz saber aos interessados que o Edital do processo licitat\u00f3rio n\u00ba 85\/2018, preg\u00e3o presencial n\u00ba 64\/2018, cujo objeto \u00e9<span class=\"apple-converted-space\">\u00a0<\/span><\/span><span style=\"font-size: 14.0pt; color: black;\">fornecimento equipamentos\/material permanente para atender a Secretaria de Sa\u00fade do Munic\u00edpio de Tocantins MG<\/span><span style=\"font-size: 14.0pt; color: #222222;\">, foi alterado em raz\u00e3o de impugna\u00e7\u00e3o. Em raz\u00e3o das adequa\u00e7\u00f5es feitas ao edital, foi reaberto o prazo para recebimento das propostas e data para abertura do certame, designada para o dia 09\/10\/2018 \u00e0s 09:00 horas. Tocantins (MG), 21\/09\/2018. <\/span><\/p>\n<p style=\"margin: 0cm; margin-bottom: .0001pt; text-align: center; background: white;\" align=\"center\"><strong><span style=\"font-size: 14.0pt; color: #222222;\">Jansen Paschoalino Rocha &#8211; Pregoeiro.<\/span><\/strong><\/p>\n","protected":false},"excerpt":{"rendered":"<p>AVISO DE REDESIGNA\u00c7\u00c3O \u00a0Licita\u00e7\u00e3o n\u00b0 085\/2018 Modalidade de Preg\u00e3o Presencial n\u00b0 064\/2018 \u00a0O pregoeiro da PM de Tocantins faz saber aos interessados que o Edital do processo licitat\u00f3rio n\u00ba 85\/2018, preg\u00e3o presencial n\u00ba 64\/2018, cujo objeto \u00e9\u00a0fornecimento equipamentos\/material permanente para atender a Secretaria de Sa\u00fade do Munic\u00edpio de Tocantins MG, foi alterado em raz\u00e3o de [&hellip;]<\/p>\n","protected":false},"author":96,"featured_media":0,"comment_status":"closed","ping_status":"closed","sticky":false,"template":"","format":"standard","meta":{"footnotes":""},"categories":[307],"tags":[],"class_list":["post-120334","post","type-post","status-publish","format-standard","hentry","category-editais"],"_links":{"self":[{"href":"https:\/\/diarioregionaldigital.com.br\/index.php?rest_route=\/wp\/v2\/posts\/120334","targetHints":{"allow":["GET"]}}],"collection":[{"href":"https:\/\/diarioregionaldigital.com.br\/index.php?rest_route=\/wp\/v2\/posts"}],"about":[{"href":"https:\/\/diarioregionaldigital.com.br\/index.php?rest_route=\/wp\/v2\/types\/post"}],"author":[{"embeddable":true,"href":"https:\/\/diarioregionaldigital.com.br\/index.php?rest_route=\/wp\/v2\/users\/96"}],"replies":[{"embeddable":true,"href":"https:\/\/diarioregionaldigital.com.br\/index.php?rest_route=%2Fwp%2Fv2%2Fcomments&post=120334"}],"version-history":[{"count":0,"href":"https:\/\/diarioregionaldigital.com.br\/index.php?rest_route=\/wp\/v2\/posts\/120334\/revisions"}],"wp:attachment":[{"href":"https:\/\/diarioregionaldigital.com.br\/index.php?rest_route=%2Fwp%2Fv2%2Fmedia&parent=120334"}],"wp:term":[{"taxonomy":"category","embeddable":true,"href":"https:\/\/diarioregionaldigital.com.br\/index.php?rest_route=%2Fwp%2Fv2%2Fcategories&post=120334"},{"taxonomy":"post_tag","embeddable":true,"href":"https:\/\/diarioregionaldigital.com.br\/index.php?rest_route=%2Fwp%2Fv2%2Ftags&post=120334"}],"curies":[{"name":"wp","href":"https:\/\/api.w.org\/{rel}","templated":true}]}}