{"id":120332,"date":"2018-09-23T06:00:36","date_gmt":"2018-09-23T09:00:36","guid":{"rendered":"https:\/\/diarioregionaldigital.com.br\/?p=120332"},"modified":"2018-09-22T01:54:13","modified_gmt":"2018-09-22T04:54:13","slug":"prefeitura-municipal-de-tocantins-no002-23-09-18","status":"publish","type":"post","link":"https:\/\/diarioregionaldigital.com.br\/?p=120332","title":{"rendered":"Prefeitura Municipal de Tocantins &#8211; n\u00ba002 23\/09\/18"},"content":{"rendered":"<p style=\"margin: 0cm 0cm 0.0001pt; background: white; text-align: center;\"><b><span style=\"font-family: 'Arial','sans-serif'; color: black;\">PREFEITURA MUNICIPAL DE TOCANTINS<\/span><\/b><\/p>\n<p style=\"margin: 0cm 0cm 0.0001pt; background: white; text-align: center;\"><b><span style=\"font-family: 'Arial','sans-serif'; color: black;\">TOMADA DE PRE\u00c7OS 002\/2018<\/span><\/b><\/p>\n<p style=\"margin: 0cm 0cm 0.0001pt; background: white; text-align: center;\"><span style=\"font-family: 'Arial','sans-serif'; color: black;\">A Comiss\u00e3o Permanente de Licita\u00e7\u00f5es serve do presente para intimar os interessados que o Prefeito Municipal resolveu, com base no parecer jur\u00eddico exarado no processo, manter a decis\u00e3o de anula\u00e7\u00e3o do certame pelos pr\u00f3prios fundamentos n\u00e3o dando provimento ao recurso interposto pela licitante Andrade, Scoralick &amp; Pinho Sociedade de Advogados. Tocantins (MG), 20 de setembro de 2018. CPL\/Prefeitura Municipal de Tocantins.<\/span><\/p>\n","protected":false},"excerpt":{"rendered":"<p>PREFEITURA MUNICIPAL DE TOCANTINS TOMADA DE PRE\u00c7OS 002\/2018 A Comiss\u00e3o Permanente de Licita\u00e7\u00f5es serve do presente para intimar os interessados que o Prefeito Municipal resolveu, com base no parecer jur\u00eddico exarado no processo, manter a decis\u00e3o de anula\u00e7\u00e3o do certame pelos pr\u00f3prios fundamentos n\u00e3o dando provimento ao recurso interposto pela licitante Andrade, Scoralick &amp; Pinho [&hellip;]<\/p>\n","protected":false},"author":96,"featured_media":0,"comment_status":"closed","ping_status":"closed","sticky":false,"template":"","format":"standard","meta":{"footnotes":""},"categories":[307],"tags":[],"class_list":["post-120332","post","type-post","status-publish","format-standard","hentry","category-editais"],"_links":{"self":[{"href":"https:\/\/diarioregionaldigital.com.br\/index.php?rest_route=\/wp\/v2\/posts\/120332","targetHints":{"allow":["GET"]}}],"collection":[{"href":"https:\/\/diarioregionaldigital.com.br\/index.php?rest_route=\/wp\/v2\/posts"}],"about":[{"href":"https:\/\/diarioregionaldigital.com.br\/index.php?rest_route=\/wp\/v2\/types\/post"}],"author":[{"embeddable":true,"href":"https:\/\/diarioregionaldigital.com.br\/index.php?rest_route=\/wp\/v2\/users\/96"}],"replies":[{"embeddable":true,"href":"https:\/\/diarioregionaldigital.com.br\/index.php?rest_route=%2Fwp%2Fv2%2Fcomments&post=120332"}],"version-history":[{"count":0,"href":"https:\/\/diarioregionaldigital.com.br\/index.php?rest_route=\/wp\/v2\/posts\/120332\/revisions"}],"wp:attachment":[{"href":"https:\/\/diarioregionaldigital.com.br\/index.php?rest_route=%2Fwp%2Fv2%2Fmedia&parent=120332"}],"wp:term":[{"taxonomy":"category","embeddable":true,"href":"https:\/\/diarioregionaldigital.com.br\/index.php?rest_route=%2Fwp%2Fv2%2Fcategories&post=120332"},{"taxonomy":"post_tag","embeddable":true,"href":"https:\/\/diarioregionaldigital.com.br\/index.php?rest_route=%2Fwp%2Fv2%2Ftags&post=120332"}],"curies":[{"name":"wp","href":"https:\/\/api.w.org\/{rel}","templated":true}]}}