{"id":120328,"date":"2018-09-23T06:00:41","date_gmt":"2018-09-23T09:00:41","guid":{"rendered":"https:\/\/diarioregionaldigital.com.br\/?p=120328"},"modified":"2018-09-22T01:51:31","modified_gmt":"2018-09-22T04:51:31","slug":"prefeitura-municipal-de-descoberto-no112-23-09-118","status":"publish","type":"post","link":"https:\/\/diarioregionaldigital.com.br\/?p=120328","title":{"rendered":"Prefeitura Municipal de Descoberto &#8211; n\u00ba112 23\/09\/118"},"content":{"rendered":"<p>&nbsp;<\/p>\n<p style=\"text-align: center;\"><strong>EXTRATO DE CONTRATO<\/strong><\/p>\n<p style=\"text-align: center;\">Pref. Municipal de Descoberto x Gr\u00e1fica FR &amp; T Ltda &#8211; AQUISI\u00c7\u00c3O DE MATERIAL GR\u00c1FICO PARA DIVERSOS SETORES DA PREFEITURA \u2013 Fundamento: Preg\u00e3o n\u00ba 017\/2018\u00a0 &#8211;\u00a0 Valor Global: 400,00 &#8211; Vig\u00eancia: 6 meses &#8211;\u00a0 Dot or\u00e7: 02.04005.13.392.0015.283-339030\/100- 02.08000.08.244.0011.232-339030\/100- 02.08000.08.244.0012.237-339030\/100- 02.08000.08.244.0012.238-339030\/100-\u00a0 &#8211; Ass: 19\/09\/2018- Foro: S\u00e3o Jo\u00e3o Nepomuceno\/MG.<\/p>\n<p style=\"text-align: center;\"><strong>Eduardo Ant\u00f4nio de Amorim Batista<\/strong><\/p>\n<p style=\"text-align: center;\"><strong>Prefeito Municipal em exerc\u00edcio<\/strong><\/p>\n<p>&nbsp;<\/p>\n<p>&nbsp;<\/p>\n<p>&nbsp;<\/p>\n<p>&nbsp;<\/p>\n<p>&nbsp;<\/p>\n<p>&nbsp;<\/p>\n<p>&nbsp;<\/p>\n<p>&nbsp;<\/p>\n","protected":false},"excerpt":{"rendered":"<p>&nbsp; EXTRATO DE CONTRATO Pref. Municipal de Descoberto x Gr\u00e1fica FR &amp; T Ltda &#8211; AQUISI\u00c7\u00c3O DE MATERIAL GR\u00c1FICO PARA DIVERSOS SETORES DA PREFEITURA \u2013 Fundamento: Preg\u00e3o n\u00ba 017\/2018\u00a0 &#8211;\u00a0 Valor Global: 400,00 &#8211; Vig\u00eancia: 6 meses &#8211;\u00a0 Dot or\u00e7: 02.04005.13.392.0015.283-339030\/100- 02.08000.08.244.0011.232-339030\/100- 02.08000.08.244.0012.237-339030\/100- 02.08000.08.244.0012.238-339030\/100-\u00a0 &#8211; Ass: 19\/09\/2018- Foro: S\u00e3o Jo\u00e3o Nepomuceno\/MG. Eduardo Ant\u00f4nio de Amorim [&hellip;]<\/p>\n","protected":false},"author":96,"featured_media":0,"comment_status":"closed","ping_status":"closed","sticky":false,"template":"","format":"standard","meta":{"footnotes":""},"categories":[307],"tags":[],"class_list":["post-120328","post","type-post","status-publish","format-standard","hentry","category-editais"],"_links":{"self":[{"href":"https:\/\/diarioregionaldigital.com.br\/index.php?rest_route=\/wp\/v2\/posts\/120328","targetHints":{"allow":["GET"]}}],"collection":[{"href":"https:\/\/diarioregionaldigital.com.br\/index.php?rest_route=\/wp\/v2\/posts"}],"about":[{"href":"https:\/\/diarioregionaldigital.com.br\/index.php?rest_route=\/wp\/v2\/types\/post"}],"author":[{"embeddable":true,"href":"https:\/\/diarioregionaldigital.com.br\/index.php?rest_route=\/wp\/v2\/users\/96"}],"replies":[{"embeddable":true,"href":"https:\/\/diarioregionaldigital.com.br\/index.php?rest_route=%2Fwp%2Fv2%2Fcomments&post=120328"}],"version-history":[{"count":0,"href":"https:\/\/diarioregionaldigital.com.br\/index.php?rest_route=\/wp\/v2\/posts\/120328\/revisions"}],"wp:attachment":[{"href":"https:\/\/diarioregionaldigital.com.br\/index.php?rest_route=%2Fwp%2Fv2%2Fmedia&parent=120328"}],"wp:term":[{"taxonomy":"category","embeddable":true,"href":"https:\/\/diarioregionaldigital.com.br\/index.php?rest_route=%2Fwp%2Fv2%2Fcategories&post=120328"},{"taxonomy":"post_tag","embeddable":true,"href":"https:\/\/diarioregionaldigital.com.br\/index.php?rest_route=%2Fwp%2Fv2%2Ftags&post=120328"}],"curies":[{"name":"wp","href":"https:\/\/api.w.org\/{rel}","templated":true}]}}