{"id":120326,"date":"2018-09-23T06:00:24","date_gmt":"2018-09-23T09:00:24","guid":{"rendered":"https:\/\/diarioregionaldigital.com.br\/?p=120326"},"modified":"2018-09-22T01:49:34","modified_gmt":"2018-09-22T04:49:34","slug":"prefeitura-municipal-de-descoberto-no113-23-09-18","status":"publish","type":"post","link":"https:\/\/diarioregionaldigital.com.br\/?p=120326","title":{"rendered":"Prefeitura Municipal de Descoberto- n\u00ba113 23\/09\/18"},"content":{"rendered":"<p style=\"text-align: center;\"><strong>EXTRATO DE CONTRATO<\/strong><\/p>\n<p style=\"text-align: center;\">Pref. Municipal de Descoberto x Nilcea Fonsec da Silva &#8211; AQUISI\u00c7\u00c3O DE MATERIAL GR\u00c1FICO PARA DIVERSOS SETORES DA PREFEITURA \u2013 Fundamento: Preg\u00e3o n\u00ba 017\/2018\u00a0 &#8211;\u00a0 Valor Global: 6.935,00- Vig\u00eancia: 6 meses &#8211;\u00a0 Dot or\u00e7: 02.04005.13.392.0015.283-339030\/100- 02.08000.08.244.0011.232-339030\/100- 02.08000.08.244.0012.237-339030\/100- 02.08000.08.244.0012.238-339030\/100-\u00a0 &#8211; Ass: 19\/09\/2018- Foro: S\u00e3o Jo\u00e3o Nepomuceno\/MG.<\/p>\n<p style=\"text-align: center;\"><strong>Eduardo Ant\u00f4nio de Amorim Batista<\/strong><\/p>\n<p style=\"text-align: center;\"><strong>Prefeito Municipal em exerc\u00edcio<\/strong><\/p>\n","protected":false},"excerpt":{"rendered":"<p>EXTRATO DE CONTRATO Pref. Municipal de Descoberto x Nilcea Fonsec da Silva &#8211; AQUISI\u00c7\u00c3O DE MATERIAL GR\u00c1FICO PARA DIVERSOS SETORES DA PREFEITURA \u2013 Fundamento: Preg\u00e3o n\u00ba 017\/2018\u00a0 &#8211;\u00a0 Valor Global: 6.935,00- Vig\u00eancia: 6 meses &#8211;\u00a0 Dot or\u00e7: 02.04005.13.392.0015.283-339030\/100- 02.08000.08.244.0011.232-339030\/100- 02.08000.08.244.0012.237-339030\/100- 02.08000.08.244.0012.238-339030\/100-\u00a0 &#8211; Ass: 19\/09\/2018- Foro: S\u00e3o Jo\u00e3o Nepomuceno\/MG. Eduardo Ant\u00f4nio de Amorim Batista Prefeito Municipal [&hellip;]<\/p>\n","protected":false},"author":96,"featured_media":0,"comment_status":"closed","ping_status":"closed","sticky":false,"template":"","format":"standard","meta":{"footnotes":""},"categories":[307],"tags":[],"class_list":["post-120326","post","type-post","status-publish","format-standard","hentry","category-editais"],"_links":{"self":[{"href":"https:\/\/diarioregionaldigital.com.br\/index.php?rest_route=\/wp\/v2\/posts\/120326","targetHints":{"allow":["GET"]}}],"collection":[{"href":"https:\/\/diarioregionaldigital.com.br\/index.php?rest_route=\/wp\/v2\/posts"}],"about":[{"href":"https:\/\/diarioregionaldigital.com.br\/index.php?rest_route=\/wp\/v2\/types\/post"}],"author":[{"embeddable":true,"href":"https:\/\/diarioregionaldigital.com.br\/index.php?rest_route=\/wp\/v2\/users\/96"}],"replies":[{"embeddable":true,"href":"https:\/\/diarioregionaldigital.com.br\/index.php?rest_route=%2Fwp%2Fv2%2Fcomments&post=120326"}],"version-history":[{"count":0,"href":"https:\/\/diarioregionaldigital.com.br\/index.php?rest_route=\/wp\/v2\/posts\/120326\/revisions"}],"wp:attachment":[{"href":"https:\/\/diarioregionaldigital.com.br\/index.php?rest_route=%2Fwp%2Fv2%2Fmedia&parent=120326"}],"wp:term":[{"taxonomy":"category","embeddable":true,"href":"https:\/\/diarioregionaldigital.com.br\/index.php?rest_route=%2Fwp%2Fv2%2Fcategories&post=120326"},{"taxonomy":"post_tag","embeddable":true,"href":"https:\/\/diarioregionaldigital.com.br\/index.php?rest_route=%2Fwp%2Fv2%2Ftags&post=120326"}],"curies":[{"name":"wp","href":"https:\/\/api.w.org\/{rel}","templated":true}]}}