{"id":120237,"date":"2018-09-23T06:00:09","date_gmt":"2018-09-23T09:00:09","guid":{"rendered":"https:\/\/diarioregionaldigital.com.br\/?p=120237"},"modified":"2018-09-21T11:06:15","modified_gmt":"2018-09-21T14:06:15","slug":"a-trajetoria-brilhante-de-helio-jaguaribe","status":"publish","type":"post","link":"https:\/\/diarioregionaldigital.com.br\/?p=120237","title":{"rendered":"A trajet\u00f3ria brilhante de Helio Jaguaribe"},"content":{"rendered":"<p><span style=\"font-weight: 400;\">No dia 23 de abril de 1923, o Rio de Janeiro viu nascer o seu filho ilustre, Helio Jaguaribe de Mattos, conhecido apenas como Helio Jaguaribe. Filho do General Francisco Jaguaribe de Mattos e de Francelina Santos Jaguaribe de Mattos, j\u00e1 trazia na bagagem familiar muita responsabilidade, j\u00e1 que o seu pai tinha sido ge\u00f3grafo e cart\u00f3grafo da Comiss\u00e3o Rondon, chefiada pelo marechal C\u00e2ndido Mariano da Silva Rondon, que desenvolveu um dos projetos sociais mais importantes do pa\u00eds, e a sua m\u00e3e, portuguesa, era filha de um grande exportador de vinho do Porto. Em rela\u00e7\u00e3o aos estudos, a sua op\u00e7\u00e3o foi pelo Direito, se formando em 1946 pela Pontif\u00edcia Universidade Cat\u00f3lica do Rio (PUC-RJ). Mas ele n\u00e3o se deteve apenas nesta \u00e1rea de atua\u00e7\u00e3o, j\u00e1 que \u00e9 muito conhecido em todo o pa\u00eds como soci\u00f3logo, cientista pol\u00edtico e escritor brasileiro. E n\u00e3o apenas como advogado.<\/span><\/p>\n<p><span style=\"font-weight: 400;\">A sua participa\u00e7\u00e3o no Instituto Superior de Estudos Brasileiros (ISEB), \u00f3rg\u00e3o criado em 1955, no Rio de Janeiro, vinculado ao Minist\u00e9rio de Educa\u00e7\u00e3o e Cultura, foi marcante. Os debates realizados no local tiveram grande impacto nos anos 1950 e 1960, principalmente durante o governo de Juscelino Kubitschek, quando se buscava caminhos para o desenvolvimento industrial do pa\u00eds e alternativas para garantir a diminui\u00e7\u00e3o das contradi\u00e7\u00f5es sociais. A quest\u00e3o cultural tamb\u00e9m mereceu a aten\u00e7\u00e3o do instituto. O seu livro \u201cO Nacionalismo na Atualidade Brasileira\u201d, lan\u00e7ado em 1958, \u00e9 considerado uma de suas principais obras.<\/span><\/p>\n<p><span style=\"font-weight: 400;\">O brilhantismo das ideias lan\u00e7adas por H\u00e9lio Jaguaribe era um dos destaques do ISEB. L\u00e1, ele que teve a companhia de figuras, tamb\u00e9m brilhantes, como Roland Corbisier, Alberto Guerreiro Ramos, \u00c1lvaro Vieira Pinto, Nelson Werneck Sodr\u00e9, Antonio C\u00e2ndido, Wanderley Guilherme dos Santos, C\u00e2ndido Mendes, Ign\u00e1cio Rangel e Carlos Estevam Martins. Sem falar nos chamados colaboradores, como Celso Furtado, Gilberto Freyre e Heitor Villa Lobos, que tamb\u00e9m ajudavam nas atividades, assim como Miguel Reale e S\u00e9rgio Buarque de Hollanda, considerados os membros ilustres. <\/span><\/p>\n<p><span style=\"font-weight: 400;\">Ap\u00f3s ser extinto, em 1964, os integrantes do ISEB tiveram que se exilar. Foi quando Helio Jaguaribe passou a lecionar nos Estados Unidos: de 1964 a 1966 na Universidade de Harvard, na Universidade de Stanford e no MIT \u2013 Massachusets Institute of Tecnology. Ao retornar ao Brasil, em 1969, foi contratado pelo Conjunto Universit\u00e1rio C\u00e2ndido Mendes, onde atuou como Diretor de Assuntos Internacionais. Naquela mesma institui\u00e7\u00e3o foi decano do Instituto de Estudos Pol\u00edticos e Sociais, fun\u00e7\u00e3o que exerceu at\u00e9 2003, sendo depois nomeado Decano Em\u00e9rito, cargo que manteve at\u00e9 a sua morte, ocorrida no \u00faltimo dia 9 de setembro de 2018.<\/span><\/p>\n<p><span style=\"font-weight: 400;\">Helio Jaguaribe \u00e9 doutor honoris causa da Universidade de Johannes Gutenberg, de Mainz, Alemanha, da Universidade Federal da Para\u00edba e da Universidade de Buenos Aires. Na Academia Brasileira de Letras, foi o nono ocupante da Cadeira n\u00ba 11, sucedendo a Celso Furtado, seu companheiro dos tempos de ISEB. Foi eleito em 3 de mar\u00e7o de 2005 e tomou posse em 22 de julho de 2005, sendo recebido pelo acad\u00eamico Candido Mendes de Almeida. <\/span><\/p>\n<p><span style=\"font-weight: 400;\">Para quem deseja conhecer mais sobre a obra de Helio Jaguaribe, \u00e9 interessante ver o document\u00e1rio \u201cTudo \u00e9 irrelevante, Helio Jaguaribe\u201d, sobre a vida do soci\u00f3logo brasileiro. Est\u00e1 em cartaz em S\u00e3o Paulo. Dirigido por sua filha Izabel Jaguaribe e por Ernesto Baldan, a obra traz depoimentos de companheiros nossos aqui da ABL, como Fernando Henrique Cardoso, S\u00e9rgio Paulo Rouanet e Antonio C\u00edcero. O cartaz do filme \u00e9 um cap\u00edtulo \u00e0 parte, mostrando o nosso saudoso acad\u00eamico sorridente, m\u00e3os levantadas, num momento de descontra\u00e7\u00e3o que marca profundamente a sua grande figura humana.<\/span><\/p>\n","protected":false},"excerpt":{"rendered":"<p>No dia 23 de abril de 1923, o Rio de Janeiro viu nascer o seu filho ilustre, Helio Jaguaribe de Mattos, conhecido apenas como Helio Jaguaribe. Filho do General Francisco Jaguaribe de Mattos e de Francelina Santos Jaguaribe de Mattos, j\u00e1 trazia na bagagem familiar muita responsabilidade, j\u00e1 que o seu pai tinha sido ge\u00f3grafo [&hellip;]<\/p>\n","protected":false},"author":96,"featured_media":96753,"comment_status":"closed","ping_status":"closed","sticky":false,"template":"","format":"standard","meta":{"footnotes":""},"categories":[275],"tags":[],"class_list":["post-120237","post","type-post","status-publish","format-standard","has-post-thumbnail","hentry","category-arnaldo-niskier"],"_links":{"self":[{"href":"https:\/\/diarioregionaldigital.com.br\/index.php?rest_route=\/wp\/v2\/posts\/120237","targetHints":{"allow":["GET"]}}],"collection":[{"href":"https:\/\/diarioregionaldigital.com.br\/index.php?rest_route=\/wp\/v2\/posts"}],"about":[{"href":"https:\/\/diarioregionaldigital.com.br\/index.php?rest_route=\/wp\/v2\/types\/post"}],"author":[{"embeddable":true,"href":"https:\/\/diarioregionaldigital.com.br\/index.php?rest_route=\/wp\/v2\/users\/96"}],"replies":[{"embeddable":true,"href":"https:\/\/diarioregionaldigital.com.br\/index.php?rest_route=%2Fwp%2Fv2%2Fcomments&post=120237"}],"version-history":[{"count":0,"href":"https:\/\/diarioregionaldigital.com.br\/index.php?rest_route=\/wp\/v2\/posts\/120237\/revisions"}],"wp:featuredmedia":[{"embeddable":true,"href":"https:\/\/diarioregionaldigital.com.br\/index.php?rest_route=\/wp\/v2\/media\/96753"}],"wp:attachment":[{"href":"https:\/\/diarioregionaldigital.com.br\/index.php?rest_route=%2Fwp%2Fv2%2Fmedia&parent=120237"}],"wp:term":[{"taxonomy":"category","embeddable":true,"href":"https:\/\/diarioregionaldigital.com.br\/index.php?rest_route=%2Fwp%2Fv2%2Fcategories&post=120237"},{"taxonomy":"post_tag","embeddable":true,"href":"https:\/\/diarioregionaldigital.com.br\/index.php?rest_route=%2Fwp%2Fv2%2Ftags&post=120237"}],"curies":[{"name":"wp","href":"https:\/\/api.w.org\/{rel}","templated":true}]}}