{"id":120222,"date":"2018-09-23T06:00:29","date_gmt":"2018-09-23T09:00:29","guid":{"rendered":"https:\/\/diarioregionaldigital.com.br\/?p=120222"},"modified":"2018-09-21T10:54:45","modified_gmt":"2018-09-21T13:54:45","slug":"tse-aprimora-consulta-sobre-como-verba-eleitoral-e-gasta-por-candidato","status":"publish","type":"post","link":"https:\/\/diarioregionaldigital.com.br\/?p=120222","title":{"rendered":"TSE aprimora consulta sobre como verba eleitoral \u00e9 gasta por candidato"},"content":{"rendered":"<p><span style=\"font-weight: 400;\">Estat\u00edsticas consolidadas sobre a presta\u00e7\u00e3o de contas de candidatos e partidos pol\u00edticos relativas \u00e0s elei\u00e7\u00f5es de outubro est\u00e3o dispon\u00edveis no site do Tribunal Superior Eleitoral (TSE) para consulta de qualquer interessado.<\/span><\/p>\n<p><span style=\"font-weight: 400;\">At\u00e9 a semana passada, no link \u201cEstat\u00edsticas Eleitorais\u201d j\u00e1 era poss\u00edvel acessar informa\u00e7\u00f5es detalhadas sobre candidaturas e eleitorado, em abas espec\u00edficas. Agora, a novidade \u00e9 que na aba \u201cPresta\u00e7\u00e3o de Contas\u201d o cidad\u00e3o pode obter dados consolidados a partir de um resumo geral.<\/span><\/p>\n<p><span style=\"font-weight: 400;\">Com base nessas informa\u00e7\u00f5es, o sistema pode trazer uma busca refinada com, por exemplo, informa\u00e7\u00f5es de Receitas\/Despesas contratadas e pagas; Receitas obtidas de recursos p\u00fablicos e privados, e ainda despesas pagas com recursos p\u00fablicos e privados, onde \u00e9 poss\u00edvel saber o tipo de prestador, os tipos de despesa mais frequentes, as fontes de despesas, e os maiores fornecedores.<\/span><\/p>\n<p><span style=\"font-weight: 400;\">Tamb\u00e9m \u00e9 poss\u00edvel pesquisar recursos de comercializa\u00e7\u00e3o de bens ou realiza\u00e7\u00e3o de eventos, doa\u00e7\u00f5es pela internet, financiamento coletivo, de outros candidatos, de partidos pol\u00edticos, de pessoas f\u00edsicas, recursos pr\u00f3prios e rendimentos de aplica\u00e7\u00f5es financeiras.<\/span><\/p>\n<p><span style=\"font-weight: 400;\">Outra possibilidade \u00e9 fazer a pesquisa por estado, munic\u00edpio, partido, cargo, tipos de receita, fontes de receita e situa\u00e7\u00e3o de candidatura, al\u00e9m de consultar a receita do Fundo Partid\u00e1rio e do Fundo Eleitoral, e verificar a aplica\u00e7\u00e3o dos recursos em candidaturas por g\u00eanero.<\/span><\/p>\n<p><span style=\"font-weight: 400;\">Segundo a Justi\u00e7a Eleitoral, a diferen\u00e7a das informa\u00e7\u00f5es dispon\u00edveis nessa nova aba das estat\u00edsticas eleitorais para o\u00a0\u2018<\/span><a href=\"http:\/\/www.tse.jus.br\/eleicoes\/eleicoes-2018\/divulgacandcontas#\/\"><span style=\"font-weight: 400;\">Divulgacandcontas<\/span><\/a><span style=\"font-weight: 400;\">\u2019\u00a0\u00e9 que nela os dados est\u00e3o consolidados com as informa\u00e7\u00f5es enviadas \u00e0 Justi\u00e7a Eleitoral at\u00e9 o momento.<\/span><\/p>\n<p>&nbsp;<\/p>\n<p>Fonte: Ag\u00eancia Brasil<\/p>\n<p>&nbsp;<\/p>\n","protected":false},"excerpt":{"rendered":"<p>Estat\u00edsticas consolidadas sobre a presta\u00e7\u00e3o de contas de candidatos e partidos pol\u00edticos relativas \u00e0s elei\u00e7\u00f5es de outubro est\u00e3o dispon\u00edveis no site do Tribunal Superior Eleitoral (TSE) para consulta de qualquer interessado. At\u00e9 a semana passada, no link \u201cEstat\u00edsticas Eleitorais\u201d j\u00e1 era poss\u00edvel acessar informa\u00e7\u00f5es detalhadas sobre candidaturas e eleitorado, em abas espec\u00edficas. Agora, a novidade [&hellip;]<\/p>\n","protected":false},"author":96,"featured_media":111723,"comment_status":"closed","ping_status":"closed","sticky":false,"template":"","format":"standard","meta":{"footnotes":""},"categories":[436,254,439],"tags":[],"class_list":["post-120222","post","type-post","status-publish","format-standard","has-post-thumbnail","hentry","category-destaque-da-semana","category-politica","category-ultima-hora"],"_links":{"self":[{"href":"https:\/\/diarioregionaldigital.com.br\/index.php?rest_route=\/wp\/v2\/posts\/120222","targetHints":{"allow":["GET"]}}],"collection":[{"href":"https:\/\/diarioregionaldigital.com.br\/index.php?rest_route=\/wp\/v2\/posts"}],"about":[{"href":"https:\/\/diarioregionaldigital.com.br\/index.php?rest_route=\/wp\/v2\/types\/post"}],"author":[{"embeddable":true,"href":"https:\/\/diarioregionaldigital.com.br\/index.php?rest_route=\/wp\/v2\/users\/96"}],"replies":[{"embeddable":true,"href":"https:\/\/diarioregionaldigital.com.br\/index.php?rest_route=%2Fwp%2Fv2%2Fcomments&post=120222"}],"version-history":[{"count":0,"href":"https:\/\/diarioregionaldigital.com.br\/index.php?rest_route=\/wp\/v2\/posts\/120222\/revisions"}],"wp:featuredmedia":[{"embeddable":true,"href":"https:\/\/diarioregionaldigital.com.br\/index.php?rest_route=\/wp\/v2\/media\/111723"}],"wp:attachment":[{"href":"https:\/\/diarioregionaldigital.com.br\/index.php?rest_route=%2Fwp%2Fv2%2Fmedia&parent=120222"}],"wp:term":[{"taxonomy":"category","embeddable":true,"href":"https:\/\/diarioregionaldigital.com.br\/index.php?rest_route=%2Fwp%2Fv2%2Fcategories&post=120222"},{"taxonomy":"post_tag","embeddable":true,"href":"https:\/\/diarioregionaldigital.com.br\/index.php?rest_route=%2Fwp%2Fv2%2Ftags&post=120222"}],"curies":[{"name":"wp","href":"https:\/\/api.w.org\/{rel}","templated":true}]}}