{"id":120212,"date":"2018-09-23T06:00:44","date_gmt":"2018-09-23T09:00:44","guid":{"rendered":"https:\/\/diarioregionaldigital.com.br\/?p=120212"},"modified":"2018-09-21T10:49:15","modified_gmt":"2018-09-21T13:49:15","slug":"plenario-pode-votar-projeto-que-obriga-preso-a-ressarcir-gastos-com-prisao","status":"publish","type":"post","link":"https:\/\/diarioregionaldigital.com.br\/?p=120212","title":{"rendered":"Plen\u00e1rio pode votar projeto que obriga preso a ressarcir gastos com pris\u00e3o"},"content":{"rendered":"<p><span style=\"font-weight: 400;\">A proposta de obrigar o preso a ressarcir os gastos do Estado com sua manuten\u00e7\u00e3o est\u00e1 pronta para delibera\u00e7\u00e3o do Plen\u00e1rio do Senado Federal. O Projeto de Lei do Senado (PLS)\u00a0<\/span><a href=\"http:\/\/https\/www25.senado.leg.br\/web\/atividade\/materias\/-\/materia\/123021\"><span style=\"font-weight: 400;\">580\/2015<\/span><\/a><span style=\"font-weight: 400;\">\u00a0altera a Lei de Execu\u00e7\u00e3o Penal (LEP) para prever que o ressarcimento \u00e9 obrigat\u00f3rio, independentemente das circunst\u00e2ncias, e que, se n\u00e3o possuir recursos pr\u00f3prios, o apenado pagar\u00e1 com trabalho.<\/span><\/p>\n<p><span style=\"font-weight: 400;\">O autor do\u00a0PLS\u00a0580\/2015, senador Waldemir Moka (MDB-MS), argumenta que, se a assist\u00eancia material for sustentada pelo preso, sobrar\u00e3o recursos para serem aplicados na sa\u00fade, educa\u00e7\u00e3o e infraestrutura do pa\u00eds.<\/span><\/p>\n<p><span style=\"font-weight: 400;\">\u2014 Quero combater a ociosidade, que tem levado os presos a serem presas f\u00e1ceis das fac\u00e7\u00f5es que est\u00e3o hoje infestando nossos pres\u00eddios \u2014 afirmou Moka, quando o texto foi aprovado na Comiss\u00e3o de Constitui\u00e7\u00e3o, Justi\u00e7a e Cidadania (CCJ). A decis\u00e3o na CCJ era terminativa, mas um recurso foi apresentado pelo senador Lindbergh Farias (PT-RJ) para que o projeto fosse votado em Plen\u00e1rio.<\/span><\/p>\n<p><span style=\"font-weight: 400;\">O relator na CCJ, senador Ronaldo Caiado (DEM-GO), lembrou que o objetivo da proposta \u00e9 fazer com que o Estado seja realmente ressarcido dos gastos que hoje est\u00e3o sobre os ombros de toda a sociedade brasileira a um custo m\u00e9dio de R$2,4 mil por m\u00eas.<\/span><\/p>\n<p><b>D\u00edvida ativa<\/b><\/p>\n<p><span style=\"font-weight: 400;\">Duas sugest\u00f5es de melhoria foram apresentadas pela senadora Simone Tebet (MDB-MS) e acolhidas por Caiado. Pelo texto aprovado, quando o preso tem condi\u00e7\u00f5es financeiras, mas se recusa a trabalhar ou pagar, ser\u00e1 inscrito na d\u00edvida ativa da Fazenda P\u00fablica. Al\u00e9m disso, o hipossuficiente (que n\u00e3o tem recursos financeiros para se sustentar) que, ao final do cumprimento da pena, ainda tenha restos a pagar por seus gastos ter\u00e1 a d\u00edvida perdoada ao ser colocado em liberdade.<\/span><\/p>\n<p><span style=\"font-weight: 400;\">A LEP j\u00e1 determina que o preso condenado est\u00e1 \u201cobrigado\u201d ao trabalho, na medida de suas aptid\u00f5es e capacidade, com uma jornada que n\u00e3o poder\u00e1 ser inferior a seis nem superior a oito horas di\u00e1rias e com direito a descanso nos domingos e feriados. A proposta detalha essa forma de cumprimento e \u201cn\u00e3o inventa a roda\u201d, como frisou Simone Tebet.<\/span><\/p>\n<p><span style=\"font-weight: 400;\">Na comiss\u00e3o, o projeto recebeu 16 votos favor\u00e1veis e 5 contr\u00e1rios, um deles do senador Humberto Costa (PT-PE). Na opini\u00e3o do parlamentar, o projeto \u00e9 mais um que estimula o encarceramento da popula\u00e7\u00e3o.<\/span><\/p>\n<p><span style=\"font-weight: 400;\">O texto recebeu uma nota t\u00e9cnica com sugest\u00f5es da Associa\u00e7\u00e3o Nacional dos Magistrados da Justi\u00e7a do Trabalho (Anamatra). A entidade apoia a proposta, mas se preocupa com poss\u00edveis abusos da m\u00e3o de obra dos presos. Por isso, sugere aperfei\u00e7oamentos ao projeto, como a limita\u00e7\u00e3o de apenas 10% de presos contratados por empresa privada e garantia de remunera\u00e7\u00e3o n\u00e3o inferior ao sal\u00e1rio m\u00ednimo vigente.<\/span><\/p>\n<p>&nbsp;<\/p>\n<p>Fonte: Ag\u00eancia Senado<\/p>\n","protected":false},"excerpt":{"rendered":"<p>A proposta de obrigar o preso a ressarcir os gastos do Estado com sua manuten\u00e7\u00e3o est\u00e1 pronta para delibera\u00e7\u00e3o do Plen\u00e1rio do Senado Federal. O Projeto de Lei do Senado (PLS)\u00a0580\/2015\u00a0altera a Lei de Execu\u00e7\u00e3o Penal (LEP) para prever que o ressarcimento \u00e9 obrigat\u00f3rio, independentemente das circunst\u00e2ncias, e que, se n\u00e3o possuir recursos pr\u00f3prios, o [&hellip;]<\/p>\n","protected":false},"author":96,"featured_media":120217,"comment_status":"closed","ping_status":"closed","sticky":false,"template":"","format":"standard","meta":{"footnotes":""},"categories":[436,254,439],"tags":[],"class_list":["post-120212","post","type-post","status-publish","format-standard","has-post-thumbnail","hentry","category-destaque-da-semana","category-politica","category-ultima-hora"],"_links":{"self":[{"href":"https:\/\/diarioregionaldigital.com.br\/index.php?rest_route=\/wp\/v2\/posts\/120212","targetHints":{"allow":["GET"]}}],"collection":[{"href":"https:\/\/diarioregionaldigital.com.br\/index.php?rest_route=\/wp\/v2\/posts"}],"about":[{"href":"https:\/\/diarioregionaldigital.com.br\/index.php?rest_route=\/wp\/v2\/types\/post"}],"author":[{"embeddable":true,"href":"https:\/\/diarioregionaldigital.com.br\/index.php?rest_route=\/wp\/v2\/users\/96"}],"replies":[{"embeddable":true,"href":"https:\/\/diarioregionaldigital.com.br\/index.php?rest_route=%2Fwp%2Fv2%2Fcomments&post=120212"}],"version-history":[{"count":0,"href":"https:\/\/diarioregionaldigital.com.br\/index.php?rest_route=\/wp\/v2\/posts\/120212\/revisions"}],"wp:featuredmedia":[{"embeddable":true,"href":"https:\/\/diarioregionaldigital.com.br\/index.php?rest_route=\/wp\/v2\/media\/120217"}],"wp:attachment":[{"href":"https:\/\/diarioregionaldigital.com.br\/index.php?rest_route=%2Fwp%2Fv2%2Fmedia&parent=120212"}],"wp:term":[{"taxonomy":"category","embeddable":true,"href":"https:\/\/diarioregionaldigital.com.br\/index.php?rest_route=%2Fwp%2Fv2%2Fcategories&post=120212"},{"taxonomy":"post_tag","embeddable":true,"href":"https:\/\/diarioregionaldigital.com.br\/index.php?rest_route=%2Fwp%2Fv2%2Ftags&post=120212"}],"curies":[{"name":"wp","href":"https:\/\/api.w.org\/{rel}","templated":true}]}}