{"id":120153,"date":"2018-09-23T06:00:19","date_gmt":"2018-09-23T09:00:19","guid":{"rendered":"https:\/\/diarioregionaldigital.com.br\/?p=120153"},"modified":"2018-09-20T18:02:28","modified_gmt":"2018-09-20T21:02:28","slug":"contato-com-animais-pode-trazer-beneficios-a-saude","status":"publish","type":"post","link":"https:\/\/diarioregionaldigital.com.br\/?p=120153","title":{"rendered":"Contato com animais pode trazer benef\u00edcios \u00e0 sa\u00fade"},"content":{"rendered":"<p>No Brasil, a estimativa \u00e9 de que existam mais de 30 milh\u00f5es de animais abandonados, sendo 20 milh\u00f5es c\u00e3es, como apontam os dados da Organiza\u00e7\u00e3o Mundial da Sa\u00fade (OMS).\u00a0 Ainda de acordo com o levantamento, nas grandes cidades, para cada cinco habitantes h\u00e1 um cachorro. Desse n\u00famero, 10% est\u00e3o abandonados. Muitos desses animais abandonados s\u00e3o alvos de maus-tratos e acabam ficando doentes por falta de comida e tamb\u00e9m pelas condi\u00e7\u00f5es em que s\u00e3o expostos ou, em alguns casos, morrem devido aos atropelamentos.<\/p>\n<p>De acordo com o Instituto Brasileiro de Geografia e Estat\u00edstica (IBGE), 44,13% dos lares brasileiros possui ao menos um c\u00e3o em casa. Isto significa que a popula\u00e7\u00e3o de cachorros nas casas do Brasil chega a 52,2 milh\u00f5es. O pa\u00eds aparece em segundo lugar no ranking mundial de pa\u00edses com animais domesticados.<\/p>\n<p>A psic\u00f3loga Elis\u00e2ngela Pereira explica que \u201canimais de estima\u00e7\u00e3o podem ajudar na nossa sa\u00fade e no nosso bem-estar de v\u00e1rias formas porque eles est\u00e3o sempre presentes e normalmente s\u00e3o muito companheiros e tem uma capacidade gigantesca de perceber nossas emo\u00e7\u00f5es\u201d.A psic\u00f3loga tamb\u00e9m esclarece que muitas \u00e1reas do nosso organismo s\u00e3o ativadas quando temos contato com um bichinho de estima\u00e7\u00e3o.\u201cComprovadamente a gente diminui o risco de ter algum problema card\u00edaco porque a gente leva o animalzinho para passear e faz mais atividade f\u00edsica, que fortalece o sistema cardiovascular\u201d, explica. Al\u00e9m disso, o contato com um animal ajuda a evitar que a pessoa apresente ind\u00edcios de depress\u00e3o, ansiedade ou estresse.\u201cS\u00e3o v\u00e1rias \u00e1reas do nosso organismo que podem ser beneficiadas por esse contato com os animais\u201d, conclui.<\/p>\n<p>De acordo com um estudo publicado na revista cient\u00edfica\u00a0<a href=\"https:\/\/www.ncbi.nlm.nih.gov\/pubmed\/30025233\"><em>JournalofPsychiatricResearch<\/em><\/a> e realizado por psiquiatras da Cl\u00ednica M\u00e9dico-Psiqui\u00e1trica da Ordem, na cidade do Porto, em Portugal, que contou com 80 pacientes diagnosticados com dist\u00farbio depressivo grave.Metade desses pacientes mantinha contato com animais durante o tratamento, enquanto a outra metade seguiu sem adotar nenhum animal. O estudo apontou que os pacientes que se relacionaram com pets mostraram melhoras significativas em seu quadro, a outra metade n\u00e3o revelou melhora alguma.<\/p>\n<p>Sendo assim, adotando um animal de estima\u00e7\u00e3o voc\u00ea n\u00e3o estar\u00e1 apenas salvando a vida de um bichinho e levando felicidade para sua casa, como cuidando da sua sa\u00fade.<\/p>\n<p>&nbsp;<\/p>\n<p><strong>AMOR ANIMAL<\/strong><\/p>\n<p>A microempres\u00e1ria Josiane Pereira, 32 anos, tem quatro animais de estima\u00e7\u00e3o: tr\u00eas cachorros e um coelho. A ado\u00e7\u00e3o mais recente foi do c\u00e3ozinho Brayan.\u201cConheci ele atrav\u00e9s das redes sociais. Ele estava na rua e uma amiga deu lar tempor\u00e1rio para ele. A princ\u00edpio eu fui apenas para conhecer, mas foi amor a primeira vista\u201d, conta. A ado\u00e7\u00e3o de Brayan surgiu da necessidade de ter um companheiro para a cadelinha Nina e que a chegada do novo amigo trouxe benef\u00edcios para sua vida. \u201cA chega de Brayan foi triunfal, encheu minha vida de alegria, energia e disposi\u00e7\u00e3o\u201d.<\/p>\n<p>Josiane conta que incentiva a todos a adotarem um bichinho e n\u00e3o a comprar.\u201cQuando falamos em seres vivos, a palavra \u2018comprar\u2019, nos soa estranha porque o que um animal \u00e9 capaz de nos dar e transmitir n\u00e3o se pode comprar, n\u00e3o h\u00e1 dinheiro no mundo que pague\u201d.<\/p>\n<p>Para ela, a situa\u00e7\u00e3o dos animais de rua pode ser transformada pela sociedadeque pode escolher dar uma chance de vida a esses animais. \u201cVoc\u00ea vai ganhar um amigo leal e amoroso por toda sua vida, e a satisfa\u00e7\u00e3o de saber que voc\u00ea colocou seu gr\u00e3ozinho de areia para fazer deste mundo um lugar melhor\u201d. Ela ainda deixa uma li\u00e7\u00e3o: \u201cpara ser um cachorro bonito n\u00e3o \u00e9 preciso ser um c\u00e3o de ra\u00e7a\u201d, conclui.<\/p>\n<div id=\"attachment_120154\" style=\"width: 404px\" class=\"wp-caption aligncenter\"><img loading=\"lazy\" decoding=\"async\" aria-describedby=\"caption-attachment-120154\" class=\" wp-image-120154\" src=\"https:\/\/diarioregionaldigital.com.br\/wp-content\/uploads\/2018\/09\/usar-essa-02-j\u00e9ssica-pereira-300x295.jpeg\" alt=\"\" width=\"394\" height=\"387\" srcset=\"https:\/\/diarioregionaldigital.com.br\/wp-content\/uploads\/2018\/09\/usar-essa-02-j\u00e9ssica-pereira-300x295.jpeg 300w, https:\/\/diarioregionaldigital.com.br\/wp-content\/uploads\/2018\/09\/usar-essa-02-j\u00e9ssica-pereira-768x755.jpeg 768w, https:\/\/diarioregionaldigital.com.br\/wp-content\/uploads\/2018\/09\/usar-essa-02-j\u00e9ssica-pereira-1024x1007.jpeg 1024w, https:\/\/diarioregionaldigital.com.br\/wp-content\/uploads\/2018\/09\/usar-essa-02-j\u00e9ssica-pereira-360x354.jpeg 360w, https:\/\/diarioregionaldigital.com.br\/wp-content\/uploads\/2018\/09\/usar-essa-02-j\u00e9ssica-pereira-80x80.jpeg 80w, https:\/\/diarioregionaldigital.com.br\/wp-content\/uploads\/2018\/09\/usar-essa-02-j\u00e9ssica-pereira.jpeg 1080w\" sizes=\"auto, (max-width: 394px) 100vw, 394px\" \/><p id=\"caption-attachment-120154\" class=\"wp-caption-text\">Foto: J\u00e9ssica Pereira<\/p><\/div>\n<p><strong>ADO\u00c7\u00c3O<\/strong><\/p>\n<p>Certamente voc\u00ea j\u00e1 se deparou com um animalzinho,mais especificamente um c\u00e3ozinho, em situa\u00e7\u00e3o de rua, que acaba entrando para a estat\u00edstica e fazendo parte dos milh\u00f5es que foram abandonados. \u00a0Para reverter a situa\u00e7\u00e3o de muitos desses bichinhos, voc\u00ea pode optar pela ado\u00e7\u00e3o.<\/p>\n<p>Em Juiz de Fora existe o Canil Municipal. A gerente do Departamento de Controle Animal, Miriam Neder, explica que para realizar a ado\u00e7\u00e3o os interessados passam por uma entrevista, com perguntas sobre a vida e a situa\u00e7\u00e3o de cada um. \u201cA pessoa precisa ser maior de dezoito anos e tem que ter meios de manter o animal. S\u00e3o perguntas para sabermos se o animal que a pessoa quer vai se adaptar \u00e0 casa que ela tem e a vida que ela leva\u201d, explica.<\/p>\n<p>De acordo com Miriam, hojes\u00e3o abrigados mais de 500 animais entre c\u00e3es, gatos e cavalos. O controle da entrada e sa\u00edda dos animais \u00e9 feita diariamente. \u201cO procedimento para ado\u00e7\u00e3o de todos eles \u00e9 igual. Todos os interessados passam por uma entrevista\u201d, explica. Ela ressalta que mesmo que a pessoa n\u00e3o possa adotar, n\u00e3o seja \u2018selecionada\u2019, todos os interessados recebem um retorno da institui\u00e7\u00e3o.<\/p>\n<p>Atualmente, em m\u00e9dia, 30 c\u00e3es s\u00e3o adotados por m\u00eas. A ado\u00e7\u00e3o dos animais pode ser feita atrav\u00e9s dos eventos de ado\u00e7\u00e3o realizados mensalmente pelo Canil Municipal. Al\u00e9m disso, \u00e9 poss\u00edvel fazer uma visita ao local que funciona de segunda a sexta-feira, das 9h \u00e0s 10h30 e das 13h \u00e0s 15h30. Atrav\u00e9s do <a href=\"http:\/\/www.facebook.com\/canilmunicipaljf\">Facebook<\/a>\u00a0do Canil Municipal \u00e9 ter acesso e preencher o\u00a0<a href=\"https:\/\/form.jotformz.com\/70445130004641\">formul\u00e1rio on-line<\/a>\u00a0de inten\u00e7\u00e3o de ado\u00e7\u00e3o. Tamb\u00e9m \u00e9 poss\u00edvel entrar em contato por meio do disque ado\u00e7\u00e3o: 3225-9933.<\/p>\n","protected":false},"excerpt":{"rendered":"<p>No Brasil, a estimativa \u00e9 de que existam mais de 30 milh\u00f5es de animais abandonados, sendo 20 milh\u00f5es c\u00e3es, como apontam os dados da Organiza\u00e7\u00e3o Mundial da Sa\u00fade (OMS).\u00a0 Ainda de acordo com o levantamento, nas grandes cidades, para cada cinco habitantes h\u00e1 um cachorro. Desse n\u00famero, 10% est\u00e3o abandonados. Muitos desses animais abandonados s\u00e3o [&hellip;]<\/p>\n","protected":false},"author":96,"featured_media":120155,"comment_status":"closed","ping_status":"closed","sticky":false,"template":"","format":"standard","meta":{"footnotes":""},"categories":[253,436,440,439],"tags":[],"class_list":["post-120153","post","type-post","status-publish","format-standard","has-post-thumbnail","hentry","category-cidade","category-destaque-da-semana","category-destaques-do-dia","category-ultima-hora"],"_links":{"self":[{"href":"https:\/\/diarioregionaldigital.com.br\/index.php?rest_route=\/wp\/v2\/posts\/120153","targetHints":{"allow":["GET"]}}],"collection":[{"href":"https:\/\/diarioregionaldigital.com.br\/index.php?rest_route=\/wp\/v2\/posts"}],"about":[{"href":"https:\/\/diarioregionaldigital.com.br\/index.php?rest_route=\/wp\/v2\/types\/post"}],"author":[{"embeddable":true,"href":"https:\/\/diarioregionaldigital.com.br\/index.php?rest_route=\/wp\/v2\/users\/96"}],"replies":[{"embeddable":true,"href":"https:\/\/diarioregionaldigital.com.br\/index.php?rest_route=%2Fwp%2Fv2%2Fcomments&post=120153"}],"version-history":[{"count":0,"href":"https:\/\/diarioregionaldigital.com.br\/index.php?rest_route=\/wp\/v2\/posts\/120153\/revisions"}],"wp:featuredmedia":[{"embeddable":true,"href":"https:\/\/diarioregionaldigital.com.br\/index.php?rest_route=\/wp\/v2\/media\/120155"}],"wp:attachment":[{"href":"https:\/\/diarioregionaldigital.com.br\/index.php?rest_route=%2Fwp%2Fv2%2Fmedia&parent=120153"}],"wp:term":[{"taxonomy":"category","embeddable":true,"href":"https:\/\/diarioregionaldigital.com.br\/index.php?rest_route=%2Fwp%2Fv2%2Fcategories&post=120153"},{"taxonomy":"post_tag","embeddable":true,"href":"https:\/\/diarioregionaldigital.com.br\/index.php?rest_route=%2Fwp%2Fv2%2Ftags&post=120153"}],"curies":[{"name":"wp","href":"https:\/\/api.w.org\/{rel}","templated":true}]}}