{"id":120123,"date":"2018-09-20T15:28:11","date_gmt":"2018-09-20T18:28:11","guid":{"rendered":"https:\/\/diarioregionaldigital.com.br\/?p=120123"},"modified":"2018-09-20T15:28:11","modified_gmt":"2018-09-20T18:28:11","slug":"mec-quer-programa-para-ocupar-vagas-ociosas-em-universidades-publicas","status":"publish","type":"post","link":"https:\/\/diarioregionaldigital.com.br\/?p=120123","title":{"rendered":"MEC quer programa para ocupar vagas ociosas em universidades p\u00fablicas"},"content":{"rendered":"<p>O Minist\u00e9rio da Educa\u00e7\u00e3o (MEC) estuda criar ainda este ano uma nova modalidade do Sistema de Sele\u00e7\u00e3o Unificada (Sisu), chamada Sisu Transfer\u00eancia, voltada para estudantes que j\u00e1 cursam o ensino superior e querem migrar para uma institui\u00e7\u00e3o p\u00fablica. O objetivo \u00e9 preencher vagas deixadas por estudantes que trocaram de curso ou abandonaram o ensino superior.<\/p>\n<p>O an\u00fancio foi feito nessa quinta-feira, 20, durante a apresenta\u00e7\u00e3o dos dados do Censo da Educa\u00e7\u00e3o Superior, que mostraram que cerca de 70 mil vagas nas universidades federais est\u00e3o ociosas. \u201cTem vaga, tem oportunidade para o aluno estar aprendendo dentro de universidade p\u00fablica e n\u00e3o estamos preenchendo essas vagas. Isso sem criar despesas novas\u201d, disse o ministro da Educa\u00e7\u00e3o, Rossieli Soares.<\/p>\n<p>O sistema dever\u00e1 funcionar como o Sisu, selecionando estudantes com base no desempenho no Exame Nacional do Ensino M\u00e9dio (Enem), mas como se tratam de vagas abertas ao longo do curso, ser\u00e3o ofertadas para os estudantes que j\u00e1 est\u00e3o no ensino superior particular ou em outra institui\u00e7\u00e3o p\u00fablica e que desejem fazer a transfer\u00eancia. A ideia j\u00e1 havia sido proposta anteriormente, em outras gest\u00f5es no MEC, mas n\u00e3o saiu do papel.<\/p>\n<p>Soares diz que vai se reunir com reitores e construir o programa para ser lan\u00e7ado em um m\u00eas, em outubro. A inten\u00e7\u00e3o \u00e9 que comece a ser aplicado em 2019. A ades\u00e3o das universidades ser\u00e1 volunt\u00e1ria.<\/p>\n<p>\u201cHoje cada institui\u00e7\u00e3o faz um processo espec\u00edfico, ent\u00e3o se voc\u00ea est\u00e1 em uma institui\u00e7\u00e3o privada ou em uma p\u00fablica e quiser migrar para outra p\u00fablica, voc\u00ea tem que pesquisar o edital individualmente, cada uma das regras em cada um dos lugares\u201d, diz o ministro.<\/p>\n<p>\u201cO Sisu hoje \u00e9 uma ferramenta para que os estudantes que fizeram o Enem possam enxergar suas possibilidades em v\u00e1rias institui\u00e7\u00f5es. Ent\u00e3o \u00e9 dada hoje mais uma ferramenta para que a rede toda, seja o estudante da privada ou p\u00fablica possa buscar esse caminho da transfer\u00eancia com mais facilidade\u201d.<\/p>\n<h4>Or\u00e7amento<\/h4>\n<p>Os gastos do governo entram na conta para a cria\u00e7\u00e3o do novo programa. \u201cN\u00f3s temos a prioridade da ocupa\u00e7\u00e3o das vagas que est\u00e3o na rede federal. Estamos pagando os professores, pagando as universidades, as estruturas de tudo aquilo e ter vaga ociosa \u00e9 desperd\u00edcio de dinheiro p\u00fablico, \u00e9 inefici\u00eancia e n\u00f3s temos que aumentar a efici\u00eancia do gasto\u201d, diz o ministro.<\/p>\n<p>Segundo Soares, a pasta faz um esfor\u00e7o para manter os repasses \u00e0s institui\u00e7\u00f5es federais. No ano passado, foi pago 70% do valor do capital previsto no or\u00e7amento. Neste ano, de acordo com ele, a pasta est\u00e1 liberando 100% do capital e do custeio. \u201cSe a gente coloca o recurso, a gente tem que garantir que vai dar aqueles espa\u00e7os para os alunos brasileiros\u201d.<\/p>\n<p>Al\u00e9m de financiar as universidades p\u00fablicas, o Censo mostra que, em 2017, 46,3% das vagas nas institui\u00e7\u00f5es privadas de ensino superior eram mantidas ou por financiamentos ou por bolsas pagas por meio de isen\u00e7\u00f5es de fiscais p\u00fablicos. Quase 60% dessas bolsas e financiamentos s\u00e3o referentes ao Fundo de Financiamento Estudantil (Fies) e ao Programa Universidade para Todos (ProUni), federais.<\/p>\n<p>Segundo os dados do Censo, a rede federal conta com 63 universidades e 40 institutos federais e Centros Federais de Educa\u00e7\u00e3o Tecnol\u00f3gica, todos ligados ao MEC. H\u00e1 ainda, seis faculdades, uma ligada ao MEC e cinco vinculadas a outros minist\u00e9rios. Ao todo, nessas institui\u00e7\u00f5es est\u00e3o matriculados mais de 1,1 milh\u00e3o de alunos. Em dez anos, a rede federal mais que dobrou de tamanho.<\/p>\n<p>&nbsp;<\/p>\n<p>Fonte: Ag\u00eancia Brasil<\/p>\n","protected":false},"excerpt":{"rendered":"<p>O Minist\u00e9rio da Educa\u00e7\u00e3o (MEC) estuda criar ainda este ano uma nova modalidade do Sistema de Sele\u00e7\u00e3o Unificada (Sisu), chamada Sisu Transfer\u00eancia, voltada para estudantes que j\u00e1 cursam o ensino superior e querem migrar para uma institui\u00e7\u00e3o p\u00fablica. O objetivo \u00e9 preencher vagas deixadas por estudantes que trocaram de curso ou abandonaram o ensino superior. [&hellip;]<\/p>\n","protected":false},"author":96,"featured_media":120124,"comment_status":"closed","ping_status":"closed","sticky":false,"template":"","format":"standard","meta":{"footnotes":""},"categories":[302,436,439],"tags":[],"class_list":["post-120123","post","type-post","status-publish","format-standard","has-post-thumbnail","hentry","category-brasil-mundo","category-destaque-da-semana","category-ultima-hora"],"_links":{"self":[{"href":"https:\/\/diarioregionaldigital.com.br\/index.php?rest_route=\/wp\/v2\/posts\/120123","targetHints":{"allow":["GET"]}}],"collection":[{"href":"https:\/\/diarioregionaldigital.com.br\/index.php?rest_route=\/wp\/v2\/posts"}],"about":[{"href":"https:\/\/diarioregionaldigital.com.br\/index.php?rest_route=\/wp\/v2\/types\/post"}],"author":[{"embeddable":true,"href":"https:\/\/diarioregionaldigital.com.br\/index.php?rest_route=\/wp\/v2\/users\/96"}],"replies":[{"embeddable":true,"href":"https:\/\/diarioregionaldigital.com.br\/index.php?rest_route=%2Fwp%2Fv2%2Fcomments&post=120123"}],"version-history":[{"count":0,"href":"https:\/\/diarioregionaldigital.com.br\/index.php?rest_route=\/wp\/v2\/posts\/120123\/revisions"}],"wp:featuredmedia":[{"embeddable":true,"href":"https:\/\/diarioregionaldigital.com.br\/index.php?rest_route=\/wp\/v2\/media\/120124"}],"wp:attachment":[{"href":"https:\/\/diarioregionaldigital.com.br\/index.php?rest_route=%2Fwp%2Fv2%2Fmedia&parent=120123"}],"wp:term":[{"taxonomy":"category","embeddable":true,"href":"https:\/\/diarioregionaldigital.com.br\/index.php?rest_route=%2Fwp%2Fv2%2Fcategories&post=120123"},{"taxonomy":"post_tag","embeddable":true,"href":"https:\/\/diarioregionaldigital.com.br\/index.php?rest_route=%2Fwp%2Fv2%2Ftags&post=120123"}],"curies":[{"name":"wp","href":"https:\/\/api.w.org\/{rel}","templated":true}]}}