{"id":120106,"date":"2018-09-23T05:00:02","date_gmt":"2018-09-23T08:00:02","guid":{"rendered":"https:\/\/diarioregionaldigital.com.br\/?p=120106"},"modified":"2018-09-23T10:35:51","modified_gmt":"2018-09-23T13:35:51","slug":"inadimplencia-de-idosos-no-pagamento-de-contas-basicas-e-a-que-mais-cresce","status":"publish","type":"post","link":"https:\/\/diarioregionaldigital.com.br\/?p=120106","title":{"rendered":"Inadimpl\u00eancia de idosos no pagamento de contas b\u00e1sicas \u00e9 a que mais cresce"},"content":{"rendered":"<p>Os idosos s\u00e3o os mais inadimplentes no pagamento de contas b\u00e1sicas, como luz, g\u00e1s e \u00e1gua, segundo levantamento da Serasa Experian. De acordo com a pesquisa, a inadimpl\u00eancia de contas b\u00e1sica representa 34,3% das pend\u00eancias financeiras dos maiores de 61 anos. Em outras faixas et\u00e1rias, essas contas representam 19,4% dos d\u00e9bitos.<\/p>\n<p>Segundo a Serasa Experian, a inadimpl\u00eancia entre os idosos foi a que mais cresceu nos \u00faltimos dois anos. Do total de pessoas no pa\u00eds com mais de 61 anos, 35,1% delas estavam com o or\u00e7amento no vermelho em julho de 2018 \u2013 uma evolu\u00e7\u00e3o de 2,6 pontos porcentuais em rela\u00e7\u00e3o a igual per\u00edodo de 2017. Em julho, 8,8 milh\u00f5es de idosos deixaram de pagar em dia seus compromissos, um aumento de 10% em rela\u00e7\u00e3o ao apurado no per\u00edodo correspondente do ano passado, quando 8 milh\u00f5es estavam inadimplentes.<\/p>\n<p>As pend\u00eancias com bancos e cart\u00f5es correspondem a 27,80% das contas em atraso dos idosos, seguida pelos d\u00e9bitos com\u00a0 telefonia (10,70%), financeiras (9%) e varejo (7,40%). Nas outras faixas da popula\u00e7\u00e3o, as d\u00edvidas com bancos representam 28,5% dos d\u00e9bitos, seguida pela impontualidade no pagamento de contas b\u00e1sicas (19,40%), varejo (12,60%) e telefonia (11,60%).<\/p>\n<p>De acordo com o levantamento o valor do montante de contas em atraso entre os inadimplentes maiores de 61 anos atingiu 41,1 bilh\u00f5es de reais em julho de 2018. Isso resulta em uma d\u00edvida m\u00e9dia de 4.668 de reais por idoso.<\/p>\n<p>Na avalia\u00e7\u00e3o dos economistas da Serasa Experian, o aumento da inadimpl\u00eancia nessa faixa et\u00e1ria mostra que um n\u00famero maior de aposentados ou pensionistas com mais de 61 anos passou a ajudar o or\u00e7amento de suas fam\u00edlias, recorrendo a empr\u00e9stimos consignados. Com o pagamento do empr\u00e9stimo e redu\u00e7\u00e3o da renda, o idoso acabou atrasando outras contas, como as de \u00e1gua e luz.<\/p>\n<p>S\u00e3o Paulo \u00e9 onde se concentra o maior n\u00famero de idosos inadimplentes, com 21,4%. O Rio de Janeiro \u00e9 o segundo, com 12,2% e, logo depois, vem Minas Gerais com 9,9%.<\/p>\n<p>&nbsp;<\/p>\n","protected":false},"excerpt":{"rendered":"<p>Os idosos s\u00e3o os mais inadimplentes no pagamento de contas b\u00e1sicas, como luz, g\u00e1s e \u00e1gua, segundo levantamento da Serasa Experian. De acordo com a pesquisa, a inadimpl\u00eancia de contas b\u00e1sica representa 34,3% das pend\u00eancias financeiras dos maiores de 61 anos. Em outras faixas et\u00e1rias, essas contas representam 19,4% dos d\u00e9bitos. Segundo a Serasa Experian, [&hellip;]<\/p>\n","protected":false},"author":96,"featured_media":120107,"comment_status":"closed","ping_status":"closed","sticky":false,"template":"","format":"standard","meta":{"footnotes":""},"categories":[436,440,261,439],"tags":[],"class_list":["post-120106","post","type-post","status-publish","format-standard","has-post-thumbnail","hentry","category-destaque-da-semana","category-destaques-do-dia","category-economia","category-ultima-hora"],"_links":{"self":[{"href":"https:\/\/diarioregionaldigital.com.br\/index.php?rest_route=\/wp\/v2\/posts\/120106","targetHints":{"allow":["GET"]}}],"collection":[{"href":"https:\/\/diarioregionaldigital.com.br\/index.php?rest_route=\/wp\/v2\/posts"}],"about":[{"href":"https:\/\/diarioregionaldigital.com.br\/index.php?rest_route=\/wp\/v2\/types\/post"}],"author":[{"embeddable":true,"href":"https:\/\/diarioregionaldigital.com.br\/index.php?rest_route=\/wp\/v2\/users\/96"}],"replies":[{"embeddable":true,"href":"https:\/\/diarioregionaldigital.com.br\/index.php?rest_route=%2Fwp%2Fv2%2Fcomments&post=120106"}],"version-history":[{"count":0,"href":"https:\/\/diarioregionaldigital.com.br\/index.php?rest_route=\/wp\/v2\/posts\/120106\/revisions"}],"wp:featuredmedia":[{"embeddable":true,"href":"https:\/\/diarioregionaldigital.com.br\/index.php?rest_route=\/wp\/v2\/media\/120107"}],"wp:attachment":[{"href":"https:\/\/diarioregionaldigital.com.br\/index.php?rest_route=%2Fwp%2Fv2%2Fmedia&parent=120106"}],"wp:term":[{"taxonomy":"category","embeddable":true,"href":"https:\/\/diarioregionaldigital.com.br\/index.php?rest_route=%2Fwp%2Fv2%2Fcategories&post=120106"},{"taxonomy":"post_tag","embeddable":true,"href":"https:\/\/diarioregionaldigital.com.br\/index.php?rest_route=%2Fwp%2Fv2%2Ftags&post=120106"}],"curies":[{"name":"wp","href":"https:\/\/api.w.org\/{rel}","templated":true}]}}