{"id":120097,"date":"2018-09-20T13:29:09","date_gmt":"2018-09-20T16:29:09","guid":{"rendered":"https:\/\/diarioregionaldigital.com.br\/?p=120097"},"modified":"2018-09-20T13:54:44","modified_gmt":"2018-09-20T16:54:44","slug":"camara-solicita-compromisso-com-as-obras-do-hospital-regional-aos-candidatos-ao-governo-de-minas","status":"publish","type":"post","link":"https:\/\/diarioregionaldigital.com.br\/?p=120097","title":{"rendered":"C\u00e2mara solicita compromisso com as obras do Hospital Regional aos candidatos ao Governo de Minas"},"content":{"rendered":"<p>A Comiss\u00e3o Permanente de Sa\u00fade P\u00fablica e Bem- Estar Social da C\u00e2mara de Juiz de Fora, presidida pelo vereador Kennedy Ribeiro (MDB), vai entregar uma carta a todos os candidatos ao Governo do Estado no qual solicita compromisso acerca da imprescind\u00edvel conclus\u00e3o das obras do Hospital Regional de Juiz de Fora.<\/p>\n<p>A carta foi assinada pelos 19 vereadores e pretende garantir a finaliza\u00e7\u00e3o da constru\u00e7\u00e3o do hospital que vai atender mais de um milh\u00e3o e meio de habitantes. Durante visita a Juiz de Fora nesta quarta-feira, 19, o candidato do PSDB Ant\u00f4nio Anastasia foi o primeiro a receber o documento das m\u00e3os do presidente da Comiss\u00e3o. Os outros candidatos que vierem a Juiz de Fora tamb\u00e9m receber\u00e3o a carta em m\u00e3os. Aqueles que n\u00e3o vierem, v\u00e3o receber via correios.<\/p>\n<p>H\u00e1 sete anos as obras come\u00e7aram e, at\u00e9 hoje, a unidade, que pretende atender Juiz de Fora e mais 94 munic\u00edpios da regi\u00e3o, n\u00e3o tem previs\u00e3o de entrega.<\/p>\n<p>&nbsp;<\/p>\n<p>Fonte: Assessoria<\/p>\n","protected":false},"excerpt":{"rendered":"<p>A Comiss\u00e3o Permanente de Sa\u00fade P\u00fablica e Bem- Estar Social da C\u00e2mara de Juiz de Fora, presidida pelo vereador Kennedy Ribeiro (MDB), vai entregar uma carta a todos os candidatos ao Governo do Estado no qual solicita compromisso acerca da imprescind\u00edvel conclus\u00e3o das obras do Hospital Regional de Juiz de Fora. A carta foi assinada [&hellip;]<\/p>\n","protected":false},"author":96,"featured_media":120105,"comment_status":"closed","ping_status":"closed","sticky":false,"template":"","format":"standard","meta":{"footnotes":""},"categories":[436,254,439],"tags":[],"class_list":["post-120097","post","type-post","status-publish","format-standard","has-post-thumbnail","hentry","category-destaque-da-semana","category-politica","category-ultima-hora"],"_links":{"self":[{"href":"https:\/\/diarioregionaldigital.com.br\/index.php?rest_route=\/wp\/v2\/posts\/120097","targetHints":{"allow":["GET"]}}],"collection":[{"href":"https:\/\/diarioregionaldigital.com.br\/index.php?rest_route=\/wp\/v2\/posts"}],"about":[{"href":"https:\/\/diarioregionaldigital.com.br\/index.php?rest_route=\/wp\/v2\/types\/post"}],"author":[{"embeddable":true,"href":"https:\/\/diarioregionaldigital.com.br\/index.php?rest_route=\/wp\/v2\/users\/96"}],"replies":[{"embeddable":true,"href":"https:\/\/diarioregionaldigital.com.br\/index.php?rest_route=%2Fwp%2Fv2%2Fcomments&post=120097"}],"version-history":[{"count":0,"href":"https:\/\/diarioregionaldigital.com.br\/index.php?rest_route=\/wp\/v2\/posts\/120097\/revisions"}],"wp:featuredmedia":[{"embeddable":true,"href":"https:\/\/diarioregionaldigital.com.br\/index.php?rest_route=\/wp\/v2\/media\/120105"}],"wp:attachment":[{"href":"https:\/\/diarioregionaldigital.com.br\/index.php?rest_route=%2Fwp%2Fv2%2Fmedia&parent=120097"}],"wp:term":[{"taxonomy":"category","embeddable":true,"href":"https:\/\/diarioregionaldigital.com.br\/index.php?rest_route=%2Fwp%2Fv2%2Fcategories&post=120097"},{"taxonomy":"post_tag","embeddable":true,"href":"https:\/\/diarioregionaldigital.com.br\/index.php?rest_route=%2Fwp%2Fv2%2Ftags&post=120097"}],"curies":[{"name":"wp","href":"https:\/\/api.w.org\/{rel}","templated":true}]}}