{"id":120058,"date":"2018-09-19T20:27:38","date_gmt":"2018-09-19T23:27:38","guid":{"rendered":"https:\/\/diarioregionaldigital.com.br\/?p=120058"},"modified":"2018-09-19T21:36:52","modified_gmt":"2018-09-20T00:36:52","slug":"juiz-autoriza-laudo-de-sanidade-mental-para-agressor-de-bolsonaro","status":"publish","type":"post","link":"https:\/\/diarioregionaldigital.com.br\/?p=120058","title":{"rendered":"Juiz autoriza laudo de sanidade mental para agressor de Bolsonaro"},"content":{"rendered":"<p>O juiz Bruno Savino, da 3\u00aa\u00a0Vara da Justi\u00e7a Federal da Subse\u00e7\u00e3o Judici\u00e1ria de Juiz de Fora (MG), autorizou a realiza\u00e7\u00e3o de um laudo de sanidade por um m\u00e9dico particular sobre Ad\u00e9lio Bispo de Oliveira, acusado por um atentado contra o candidato \u00e0 Presid\u00eancia Jair Bolsonaro (PSL), no in\u00edcio do m\u00eas. Ele foi preso no dia do ataque e agora \u00e9 objeto de investiga\u00e7\u00e3o pela Pol\u00edcia Federal. Bispo foi encaminhado a um pres\u00eddio federal em Campo Grande (MS).<\/p>\n<p>O laudo de sanidade mental preliminar foi solicitado pela defesa de Ad\u00e9lio Bispo de Oliveira. Os advogados pediram que o procedimento fosse realizado por m\u00e9dico da confian\u00e7a deles e que houvesse suspens\u00e3o do curso do processo. Tamb\u00e9m pleitearam que encontros ou conversas com o acusado tivessem a presen\u00e7a de algum dos advogados.<\/p>\n<p>A defesa recorreu \u00e0 possibilidade do laudo por m\u00e9dico particular depois que o juiz federal Bruno Savino negou a avalia\u00e7\u00e3o completa de sa\u00fade mental. O objetivo dos advogados \u00e9 tentar justificar a necessidade do procedimento completo da sa\u00fade mental do acusado. Ad\u00e9lio Bispo assumiu o atentado. Em um dos depoimentos, afirmou que foi motivado por &#8220;Deus&#8221;.<\/p>\n<p>Na decis\u00e3o de\u00a0hoje, o juiz federal Bruno Savino argumentou n\u00e3o ver \u201cind\u00edcios da alegada insanidade\u201d, citando como exemplo a lucidez demonstrada pelo acusado na audi\u00eancia de cust\u00f3dia. Mas autorizou o laudo t\u00e9cnico \u201cpara subsidiar a decis\u00e3o desse ju\u00edzo acerca da instaura\u00e7\u00e3o ou n\u00e3o de incidente de insanidade\u201d.\u00a0O juiz federal destacou que a medida \u00e9 um procedimento preliminar, n\u00e3o sendo ainda a avalia\u00e7\u00e3o de sa\u00fade mental propriamente dita. Caso o juiz assim decida, abre-se de fato uma an\u00e1lise da condi\u00e7\u00e3o m\u00e9dica do acusado. Neste caso, acusa\u00e7\u00e3o e defesa ser\u00e3o chamadas a apresentar suas posi\u00e7\u00f5es e indicar assistentes t\u00e9cnicos.<\/p>\n<p>Bolsonaro foi atingido no dia\u00a06 de setembro\u00a0quando fazia campanha na cidade mineira. Em seguida, foi levado \u00e0 Santa Casa do munic\u00edpio, onde passou por cirurgia. Atualmente, Bolsonaro est\u00e1 em recupera\u00e7\u00e3o no Hospital Albert Einstein, em S\u00e3o Paulo. O quadro do pol\u00edtico \u00e9 est\u00e1vel.<\/p>\n<p>Fonte: Ag\u00eancia Brasil<\/p>\n","protected":false},"excerpt":{"rendered":"<p>O juiz Bruno Savino, da 3\u00aa\u00a0Vara da Justi\u00e7a Federal da Subse\u00e7\u00e3o Judici\u00e1ria de Juiz de Fora (MG), autorizou a realiza\u00e7\u00e3o de um laudo de sanidade por um m\u00e9dico particular sobre Ad\u00e9lio Bispo de Oliveira, acusado por um atentado contra o candidato \u00e0 Presid\u00eancia Jair Bolsonaro (PSL), no in\u00edcio do m\u00eas. Ele foi preso no dia [&hellip;]<\/p>\n","protected":false},"author":96,"featured_media":0,"comment_status":"closed","ping_status":"closed","sticky":false,"template":"","format":"standard","meta":{"footnotes":""},"categories":[436,440,254,439],"tags":[],"class_list":["post-120058","post","type-post","status-publish","format-standard","hentry","category-destaque-da-semana","category-destaques-do-dia","category-politica","category-ultima-hora"],"_links":{"self":[{"href":"https:\/\/diarioregionaldigital.com.br\/index.php?rest_route=\/wp\/v2\/posts\/120058","targetHints":{"allow":["GET"]}}],"collection":[{"href":"https:\/\/diarioregionaldigital.com.br\/index.php?rest_route=\/wp\/v2\/posts"}],"about":[{"href":"https:\/\/diarioregionaldigital.com.br\/index.php?rest_route=\/wp\/v2\/types\/post"}],"author":[{"embeddable":true,"href":"https:\/\/diarioregionaldigital.com.br\/index.php?rest_route=\/wp\/v2\/users\/96"}],"replies":[{"embeddable":true,"href":"https:\/\/diarioregionaldigital.com.br\/index.php?rest_route=%2Fwp%2Fv2%2Fcomments&post=120058"}],"version-history":[{"count":0,"href":"https:\/\/diarioregionaldigital.com.br\/index.php?rest_route=\/wp\/v2\/posts\/120058\/revisions"}],"wp:attachment":[{"href":"https:\/\/diarioregionaldigital.com.br\/index.php?rest_route=%2Fwp%2Fv2%2Fmedia&parent=120058"}],"wp:term":[{"taxonomy":"category","embeddable":true,"href":"https:\/\/diarioregionaldigital.com.br\/index.php?rest_route=%2Fwp%2Fv2%2Fcategories&post=120058"},{"taxonomy":"post_tag","embeddable":true,"href":"https:\/\/diarioregionaldigital.com.br\/index.php?rest_route=%2Fwp%2Fv2%2Ftags&post=120058"}],"curies":[{"name":"wp","href":"https:\/\/api.w.org\/{rel}","templated":true}]}}