{"id":120052,"date":"2018-09-19T21:18:03","date_gmt":"2018-09-20T00:18:03","guid":{"rendered":"https:\/\/diarioregionaldigital.com.br\/?p=120052"},"modified":"2018-09-19T21:25:06","modified_gmt":"2018-09-20T00:25:06","slug":"antonio-anastasia-cumpre-agenda-politica-em-juiz-de-fora","status":"publish","type":"post","link":"https:\/\/diarioregionaldigital.com.br\/?p=120052","title":{"rendered":"Antonio Anastasia cumpre agenda pol\u00edtica em Juiz de Fora"},"content":{"rendered":"<p>O candidato ao Governo de Minas, Antonio Anastasia (PSDB), visitou Juiz de Fora nesta quarta-feira, 19, em cumprimento de agenda eleitoral. Anastasia, acompanhado pelo Deputado Federal Rodrigo Pacheco (DEM), candidato ao Senado pela coliga\u00e7\u00e3o Reconstruir Minas. O encontro aconteceu no Clube S\u00edrio e Liban\u00eas com lideran\u00e7as pol\u00edticas locais e regionais, correligion\u00e1rios, al\u00e9m de eleitores e apoiadores. O prefeito Ant\u00f4nio Almas (PSDB) recebeu o candidato ao lado do Deputado Federal Marcus Pestana (PSDB) e do Deputado Estadual Noraldino Junior (PSC) \u2013 ambos os Deputados est\u00e3o em campanha para reelei\u00e7\u00e3o.<\/p>\n<p>Anastasia recebeu das m\u00e3os do Presidente da Comiss\u00e3o de Sa\u00fade da C\u00e2mara de Juiz de Fora um manifesto assinado por vereadores solicitando que o mesmo d\u00ea continuidade \u00e0s obras do Hospital Regional. Em seguida, o prefeito Ant\u00f4nio Almas foi o respons\u00e1vel por realizar a abertura do evento. \u201cPrecisamos reverter esse quadro que est\u00e1 em Minas. \u00c9 importante para Juiz de Fora e regi\u00e3o\u201d, disse. O prefeito ainda ressaltou a situa\u00e7\u00e3o do Hospital Regional e comentou sobre o Museu Mariano Proc\u00f3pio.<\/p>\n<p>Antonio Anastasia falou sobre seu hist\u00f3rico pol\u00edtico em Minas Gerais e abordou suas propostas. \u201cA Zona da Mata tem duas grandes dificuldades que n\u00f3s identificamos. A primeira \u00e9 a necessidade de uma mudan\u00e7a de seu perfil econ\u00f4mico, com a gera\u00e7\u00e3o de mais empregos. E a segunda s\u00e3o obras de infra-estrutura importantes e inacabadas, como \u00e9 caso do Hospital Regional, que sabemos da necessidade de sua conclus\u00e3o, que atende n\u00e3o s\u00f3 Juiz de Fora, mas tamb\u00e9m toda regi\u00e3o\u201d, disse. Anastasia coloca como prioridade a volta do pagamento regular dos Servidores P\u00fablicos e das Prefeituras. \u201cO n\u00e3o pagamento regular das prefeituras est\u00e1 ocasionando caos no interior porque o Estado ret\u00e9m valores condicionais dos munic\u00edpios que n\u00e3o conseguem manter a sa\u00fade e o pagamento de seus servidores. Colocada a casa em ordem, vamos entrar na conclus\u00e3o das obras inacabadas e os hospitais s\u00e3o prioridade\u201d, conclui.<\/p>\n<div id=\"attachment_120054\" style=\"width: 597px\" class=\"wp-caption aligncenter\"><img loading=\"lazy\" decoding=\"async\" aria-describedby=\"caption-attachment-120054\" class=\" wp-image-120054\" src=\"https:\/\/diarioregionaldigital.com.br\/wp-content\/uploads\/2018\/09\/RAFAELA-FRUTUOSO-USAR-ESSA-1-7-300x200.jpg\" alt=\"\" width=\"587\" height=\"391\" srcset=\"https:\/\/diarioregionaldigital.com.br\/wp-content\/uploads\/2018\/09\/RAFAELA-FRUTUOSO-USAR-ESSA-1-7-300x200.jpg 300w, https:\/\/diarioregionaldigital.com.br\/wp-content\/uploads\/2018\/09\/RAFAELA-FRUTUOSO-USAR-ESSA-1-7-768x512.jpg 768w, https:\/\/diarioregionaldigital.com.br\/wp-content\/uploads\/2018\/09\/RAFAELA-FRUTUOSO-USAR-ESSA-1-7-1024x683.jpg 1024w, https:\/\/diarioregionaldigital.com.br\/wp-content\/uploads\/2018\/09\/RAFAELA-FRUTUOSO-USAR-ESSA-1-7-360x240.jpg 360w\" sizes=\"auto, (max-width: 587px) 100vw, 587px\" \/><p id=\"caption-attachment-120054\" class=\"wp-caption-text\">Foto: Rafaela Frutuoso<\/p><\/div>\n<p>Anastasia est\u00e1 na lideran\u00e7a para o governo de Minas Gerais com 33% das inten\u00e7\u00f5es de voto, segundo a \u00faltima pesquisa divulgada nesta semana pelo Ibope. O resultado aponta 11 pontos percentuais \u00e0 frente do segundo colocado, o atual Governador Fernando Pimentel (PT) com 22%.\u00a0Aparecem tamb\u00e9m na pesquisa: Romeu Zema (Novo) com\u00a07%; Adalclever Lopes (MDB) com 3%; Jo\u00e3o Batista Mares Guia (Rede) com\u00a02%; Alexandre Flach Domingues (PCO), Claudiney Dulim (Avante), Dirlene Marques (PSOL), Jordano Metal\u00fargico (PSTU) pontuaram\u00a01%. Brancos\/nulos soma 18%. N\u00e3o sabem ou n\u00e3o responderam fecham em\u00a012%.<\/p>\n<p><strong>PRESIDENCI\u00c1VEIS EM JUIZ DE FORA<\/strong><\/p>\n<p>At\u00e9 o momento, apenas dois candidatos \u00e0 Presid\u00eancia inclu\u00edram Juiz de Fora em suas rotas de campanha \u00e0s elei\u00e7\u00f5es 2018. No \u00faltimo dia 5, Henrique Meirelles (MDB) esteve na cidade, acompanhado do candidato ao Governo de Minas, Adalclever Lopes (MDB), para apoiar o lan\u00e7amento da campanha do ex-prefeito Bruno Siqueira a\u00a0Deputado Estadual pelo partido MDB. Quem tamb\u00e9m marcou presen\u00e7a em Juiz de Fora foi Jair Bolsonaro (PSL), que foi v\u00edtima de um atentado durante sua passagem pela cidade no dia 6.<\/p>\n","protected":false},"excerpt":{"rendered":"<p>O candidato ao Governo de Minas, Antonio Anastasia (PSDB), visitou Juiz de Fora nesta quarta-feira, 19, em cumprimento de agenda eleitoral. Anastasia, acompanhado pelo Deputado Federal Rodrigo Pacheco (DEM), candidato ao Senado pela coliga\u00e7\u00e3o Reconstruir Minas. O encontro aconteceu no Clube S\u00edrio e Liban\u00eas com lideran\u00e7as pol\u00edticas locais e regionais, correligion\u00e1rios, al\u00e9m de eleitores e [&hellip;]<\/p>\n","protected":false},"author":96,"featured_media":120053,"comment_status":"closed","ping_status":"closed","sticky":false,"template":"","format":"standard","meta":{"footnotes":""},"categories":[436,440,254,439],"tags":[1221,1102,751,312,988],"class_list":["post-120052","post","type-post","status-publish","format-standard","has-post-thumbnail","hentry","category-destaque-da-semana","category-destaques-do-dia","category-politica","category-ultima-hora","tag-antonio-anastasia","tag-eleicoes-2018","tag-governador","tag-juiz-de-fora","tag-minas-gerais"],"_links":{"self":[{"href":"https:\/\/diarioregionaldigital.com.br\/index.php?rest_route=\/wp\/v2\/posts\/120052","targetHints":{"allow":["GET"]}}],"collection":[{"href":"https:\/\/diarioregionaldigital.com.br\/index.php?rest_route=\/wp\/v2\/posts"}],"about":[{"href":"https:\/\/diarioregionaldigital.com.br\/index.php?rest_route=\/wp\/v2\/types\/post"}],"author":[{"embeddable":true,"href":"https:\/\/diarioregionaldigital.com.br\/index.php?rest_route=\/wp\/v2\/users\/96"}],"replies":[{"embeddable":true,"href":"https:\/\/diarioregionaldigital.com.br\/index.php?rest_route=%2Fwp%2Fv2%2Fcomments&post=120052"}],"version-history":[{"count":0,"href":"https:\/\/diarioregionaldigital.com.br\/index.php?rest_route=\/wp\/v2\/posts\/120052\/revisions"}],"wp:featuredmedia":[{"embeddable":true,"href":"https:\/\/diarioregionaldigital.com.br\/index.php?rest_route=\/wp\/v2\/media\/120053"}],"wp:attachment":[{"href":"https:\/\/diarioregionaldigital.com.br\/index.php?rest_route=%2Fwp%2Fv2%2Fmedia&parent=120052"}],"wp:term":[{"taxonomy":"category","embeddable":true,"href":"https:\/\/diarioregionaldigital.com.br\/index.php?rest_route=%2Fwp%2Fv2%2Fcategories&post=120052"},{"taxonomy":"post_tag","embeddable":true,"href":"https:\/\/diarioregionaldigital.com.br\/index.php?rest_route=%2Fwp%2Fv2%2Ftags&post=120052"}],"curies":[{"name":"wp","href":"https:\/\/api.w.org\/{rel}","templated":true}]}}