{"id":120048,"date":"2018-09-20T06:00:37","date_gmt":"2018-09-20T09:00:37","guid":{"rendered":"https:\/\/diarioregionaldigital.com.br\/?p=120048"},"modified":"2018-09-19T21:03:20","modified_gmt":"2018-09-20T00:03:20","slug":"supermercados-vao-ter-que-se-adequar-com-carrinhos-adaptados-para-deficientes","status":"publish","type":"post","link":"https:\/\/diarioregionaldigital.com.br\/?p=120048","title":{"rendered":"Supermercados v\u00e3o ter que se adequar com carrinhos adaptados para deficientes"},"content":{"rendered":"<p>No \u00faltimo s\u00e1bado, 15, foi publicada no Atos do Governo, a san\u00e7\u00e3o do prefeito Ant\u00f4nio Almas (PSDB) sobre a lei que obriga a disponibiliza\u00e7\u00e3o dos carrinhos adaptado sem todos os estabelecimentos que ocupem \u00e1rea de 800 metros quadrados, considerados de porte m\u00e9dio ou grande, na cidade de Juiz de Fora.<\/p>\n<p>De acordo com o texto, a quantidade de carrinhos dispon\u00edveis ser\u00e1 na propor\u00e7\u00e3o de 2% do total de carrinhos existentes nos estabelecimentos fornecidos para a clientela, arredondando-se para o n\u00famero superior.<\/p>\n<p>\u201cH\u00e1 algum tempo, n\u00f3s estamos preocupados com a acessibilidade das pessoas com defici\u00eancias, tanto f\u00edsicas e mentais. Acho que hoje em dia \u00e9 uma preocupa\u00e7\u00e3o de todos. \u00c0s vezes, chega ao nosso conhecimento ideias, como este projeto, que realmente pode dar certo e \u00e9 necess\u00e1rio ter na sociedade. Este, especificamente, \u00e9 muito importante para os deficientes, apresentando favorecimento, participa\u00e7\u00e3o plena e efetivamente da sociedade, em igualdade de condi\u00e7\u00f5es como qualquer pessoa\u201d, destacou o vereador Jos\u00e9 Fiorilo (PTC), autor do projeto.<\/p>\n<p>A fiscaliza\u00e7\u00e3o ser\u00e1 feita pela Secretaria de Atividades Urbanas. Os mercados t\u00eam o prazo de seis meses para se adaptarem \u00e0 lei. O descumprimento dela est\u00e1 sujeito a multa.<\/p>\n<p>&nbsp;<\/p>\n<div id=\"attachment_120050\" style=\"width: 631px\" class=\"wp-caption aligncenter\"><img loading=\"lazy\" decoding=\"async\" aria-describedby=\"caption-attachment-120050\" class=\"wp-image-120050 size-large\" src=\"https:\/\/diarioregionaldigital.com.br\/wp-content\/uploads\/2018\/09\/exemplo-1-621x1024.jpg\" alt=\"\" width=\"621\" height=\"1024\" srcset=\"https:\/\/diarioregionaldigital.com.br\/wp-content\/uploads\/2018\/09\/exemplo-1-621x1024.jpg 621w, https:\/\/diarioregionaldigital.com.br\/wp-content\/uploads\/2018\/09\/exemplo-1-182x300.jpg 182w, https:\/\/diarioregionaldigital.com.br\/wp-content\/uploads\/2018\/09\/exemplo-1-768x1266.jpg 768w, https:\/\/diarioregionaldigital.com.br\/wp-content\/uploads\/2018\/09\/exemplo-1-360x594.jpg 360w, https:\/\/diarioregionaldigital.com.br\/wp-content\/uploads\/2018\/09\/exemplo-1.jpg 1242w\" sizes=\"auto, (max-width: 621px) 100vw, 621px\" \/><p id=\"caption-attachment-120050\" class=\"wp-caption-text\"><em>\u00a0 \u00a0 \u00a0Imagem \u00e9 ilustrativa para uma no\u00e7\u00e3o de como seria o carrinho. Foto: Divulga\u00e7\u00e3o<\/em><\/p><\/div>\n<p>&nbsp;<\/p>\n<p>&nbsp;<\/p>\n","protected":false},"excerpt":{"rendered":"<p>No \u00faltimo s\u00e1bado, 15, foi publicada no Atos do Governo, a san\u00e7\u00e3o do prefeito Ant\u00f4nio Almas (PSDB) sobre a lei que obriga a disponibiliza\u00e7\u00e3o dos carrinhos adaptado sem todos os estabelecimentos que ocupem \u00e1rea de 800 metros quadrados, considerados de porte m\u00e9dio ou grande, na cidade de Juiz de Fora. De acordo com o texto, [&hellip;]<\/p>\n","protected":false},"author":96,"featured_media":120049,"comment_status":"closed","ping_status":"closed","sticky":false,"template":"","format":"standard","meta":{"footnotes":""},"categories":[253,440,439],"tags":[312],"class_list":["post-120048","post","type-post","status-publish","format-standard","has-post-thumbnail","hentry","category-cidade","category-destaques-do-dia","category-ultima-hora","tag-juiz-de-fora"],"_links":{"self":[{"href":"https:\/\/diarioregionaldigital.com.br\/index.php?rest_route=\/wp\/v2\/posts\/120048","targetHints":{"allow":["GET"]}}],"collection":[{"href":"https:\/\/diarioregionaldigital.com.br\/index.php?rest_route=\/wp\/v2\/posts"}],"about":[{"href":"https:\/\/diarioregionaldigital.com.br\/index.php?rest_route=\/wp\/v2\/types\/post"}],"author":[{"embeddable":true,"href":"https:\/\/diarioregionaldigital.com.br\/index.php?rest_route=\/wp\/v2\/users\/96"}],"replies":[{"embeddable":true,"href":"https:\/\/diarioregionaldigital.com.br\/index.php?rest_route=%2Fwp%2Fv2%2Fcomments&post=120048"}],"version-history":[{"count":0,"href":"https:\/\/diarioregionaldigital.com.br\/index.php?rest_route=\/wp\/v2\/posts\/120048\/revisions"}],"wp:featuredmedia":[{"embeddable":true,"href":"https:\/\/diarioregionaldigital.com.br\/index.php?rest_route=\/wp\/v2\/media\/120049"}],"wp:attachment":[{"href":"https:\/\/diarioregionaldigital.com.br\/index.php?rest_route=%2Fwp%2Fv2%2Fmedia&parent=120048"}],"wp:term":[{"taxonomy":"category","embeddable":true,"href":"https:\/\/diarioregionaldigital.com.br\/index.php?rest_route=%2Fwp%2Fv2%2Fcategories&post=120048"},{"taxonomy":"post_tag","embeddable":true,"href":"https:\/\/diarioregionaldigital.com.br\/index.php?rest_route=%2Fwp%2Fv2%2Ftags&post=120048"}],"curies":[{"name":"wp","href":"https:\/\/api.w.org\/{rel}","templated":true}]}}