{"id":120016,"date":"2018-09-20T06:00:40","date_gmt":"2018-09-20T09:00:40","guid":{"rendered":"https:\/\/diarioregionaldigital.com.br\/?p=120016"},"modified":"2018-09-19T19:56:37","modified_gmt":"2018-09-19T22:56:37","slug":"120016","status":"publish","type":"post","link":"https:\/\/diarioregionaldigital.com.br\/?p=120016","title":{"rendered":"Prefeitura Municipal de Descoberto &#8211; Contrato n\u00ba092 20\/09\/18"},"content":{"rendered":"<p style=\"text-align: center;\"><strong>EXTRATO DE CONTRATO<\/strong><\/p>\n<p style=\"text-align: center;\">Pref. Municipal de Descoberto x Solumed Distribuidora de Medicamentos e Produtos para Sa\u00fade Ltda &#8211; Objeto: Aquisi\u00e7\u00e3o de medicamentos SIGAF\u2013 Fundamento: 6\u00aa Ades\u00e3o Sigaf &#8211; \u00a0Valor Global: 89.291,97 \u00a0&#8211; Vig\u00eancia: 28\/08\/18 a 17\/08\/19 &#8211; \u00a0Dot or\u00e7: 02.05005.10.301.0004.296-339030\/102- Ass: 28\/08\/2018- Foro: S\u00e3o Jo\u00e3o Nepomuceno\/MG.<\/p>\n<p style=\"text-align: center;\"><strong>Eduardo Ant\u00f4nio de Amorim Batista<\/strong><\/p>\n<p style=\"text-align: center;\"><strong>Prefeito Municipal em exerc\u00edcio<\/strong><\/p>\n","protected":false},"excerpt":{"rendered":"<p>EXTRATO DE CONTRATO Pref. Municipal de Descoberto x Solumed Distribuidora de Medicamentos e Produtos para Sa\u00fade Ltda &#8211; Objeto: Aquisi\u00e7\u00e3o de medicamentos SIGAF\u2013 Fundamento: 6\u00aa Ades\u00e3o Sigaf &#8211; \u00a0Valor Global: 89.291,97 \u00a0&#8211; Vig\u00eancia: 28\/08\/18 a 17\/08\/19 &#8211; \u00a0Dot or\u00e7: 02.05005.10.301.0004.296-339030\/102- Ass: 28\/08\/2018- Foro: S\u00e3o Jo\u00e3o Nepomuceno\/MG. Eduardo Ant\u00f4nio de Amorim Batista Prefeito Municipal em exerc\u00edcio<\/p>\n","protected":false},"author":96,"featured_media":0,"comment_status":"closed","ping_status":"closed","sticky":false,"template":"","format":"standard","meta":{"footnotes":""},"categories":[307],"tags":[],"class_list":["post-120016","post","type-post","status-publish","format-standard","hentry","category-editais"],"_links":{"self":[{"href":"https:\/\/diarioregionaldigital.com.br\/index.php?rest_route=\/wp\/v2\/posts\/120016","targetHints":{"allow":["GET"]}}],"collection":[{"href":"https:\/\/diarioregionaldigital.com.br\/index.php?rest_route=\/wp\/v2\/posts"}],"about":[{"href":"https:\/\/diarioregionaldigital.com.br\/index.php?rest_route=\/wp\/v2\/types\/post"}],"author":[{"embeddable":true,"href":"https:\/\/diarioregionaldigital.com.br\/index.php?rest_route=\/wp\/v2\/users\/96"}],"replies":[{"embeddable":true,"href":"https:\/\/diarioregionaldigital.com.br\/index.php?rest_route=%2Fwp%2Fv2%2Fcomments&post=120016"}],"version-history":[{"count":0,"href":"https:\/\/diarioregionaldigital.com.br\/index.php?rest_route=\/wp\/v2\/posts\/120016\/revisions"}],"wp:attachment":[{"href":"https:\/\/diarioregionaldigital.com.br\/index.php?rest_route=%2Fwp%2Fv2%2Fmedia&parent=120016"}],"wp:term":[{"taxonomy":"category","embeddable":true,"href":"https:\/\/diarioregionaldigital.com.br\/index.php?rest_route=%2Fwp%2Fv2%2Fcategories&post=120016"},{"taxonomy":"post_tag","embeddable":true,"href":"https:\/\/diarioregionaldigital.com.br\/index.php?rest_route=%2Fwp%2Fv2%2Ftags&post=120016"}],"curies":[{"name":"wp","href":"https:\/\/api.w.org\/{rel}","templated":true}]}}