{"id":120009,"date":"2018-09-20T06:00:09","date_gmt":"2018-09-20T09:00:09","guid":{"rendered":"https:\/\/diarioregionaldigital.com.br\/?p=120009"},"modified":"2018-09-19T20:47:43","modified_gmt":"2018-09-19T23:47:43","slug":"prefeitura-municipal-de-tocantins-no-086","status":"publish","type":"post","link":"https:\/\/diarioregionaldigital.com.br\/?p=120009","title":{"rendered":"Prefeitura Municipal de Tocantins &#8211; N\u00ba 086 20\/09\/18"},"content":{"rendered":"<p style=\"margin: 0cm; margin-bottom: .0001pt; text-align: center; background: white;\" align=\"center\"><b><span style=\"color: black;\">AVISO DE LICITA\u00c7\u00c3O<\/span><\/b><\/p>\n<p style=\"margin: 0cm; margin-bottom: .0001pt; text-align: center; background: white;\" align=\"center\"><b><span style=\"color: black;\">\u00a0<\/span><\/b><\/p>\n<p style=\"margin: 0cm; margin-bottom: .0001pt; text-align: center; background: white;\" align=\"center\"><b><span style=\"color: black;\">Licita\u00e7\u00e3o n\u00b0 086\/2018<\/span><\/b><\/p>\n<p style=\"margin: 0cm; margin-bottom: .0001pt; text-align: center; background: white;\" align=\"center\"><b><span style=\"color: black;\">Modalidade de Preg\u00e3o Presencial n\u00b0 065\/2018<\/span><\/b><\/p>\n<p style=\"margin: 0cm; margin-bottom: .0001pt; text-align: center; background: white;\" align=\"center\"><b><span style=\"color: black;\">\u00a0<\/span><\/b><\/p>\n<p style=\"margin: 0cm; margin-bottom: .0001pt; text-align: justify; text-justify: inter-ideograph; background: white;\"><span style=\"color: black;\">O Munic\u00edpio de TOCANTINS, na forma da lei, faz saber a todos os interessados que a licita\u00e7\u00e3o na modalidade de preg\u00e3o presencial para registro de pre\u00e7os para<span class=\"apple-converted-space\">\u00a0<\/span>aquisi\u00e7\u00e3o de diversos materiais (bloquetes, manilhas e meio fio de concreto) a serem utilizados pela secretaria municipal de obras p\u00fablicas na manuten\u00e7\u00e3o de suas atividades diarias, em raz\u00e3o de adequa\u00e7\u00e3o ao edital\u00a0<span class=\"apple-converted-space\">\u00a0<\/span>que altera o conte\u00fado da proposta<span class=\"apple-converted-space\">\u00a0<\/span><\/span><span style=\"color: #222222; background: white;\">foi reaberto o prazo para recebimento das propostas e data para abertura do certame,<\/span><span class=\"apple-converted-space\"><span style=\"color: black;\">\u00a0<\/span><\/span><span style=\"color: black;\">para o dia04\/10\/2018 \u00e0s 08:30 horas na sala da comiss\u00e3o de licita\u00e7\u00e3o, localizada na Av. Padre Mac\u00e1rio, n\u00b0 129, bairro Centro, munic\u00edpio de TOCANTINS. O edital completo encontra-se a disposi\u00e7\u00e3o dos interessados no endere\u00e7o citado anteriormente, no hor\u00e1rio de expediente de 08:00 as 11:00 horas e 13:00 as 16:00 horas. TOCANTINS, 19 de SETEMBRO de 2018. <\/span><\/p>\n<p style=\"margin: 0cm 0cm 0.0001pt; background: white; text-align: center;\"><strong><span style=\"color: black;\">JANSEN PASCHOALINO ROCHA<span class=\"apple-converted-space\">\u00a0<\/span>\u00a0\u2013 PREGOEIRO<\/span><\/strong><\/p>\n","protected":false},"excerpt":{"rendered":"<p>AVISO DE LICITA\u00c7\u00c3O \u00a0 Licita\u00e7\u00e3o n\u00b0 086\/2018 Modalidade de Preg\u00e3o Presencial n\u00b0 065\/2018 \u00a0 O Munic\u00edpio de TOCANTINS, na forma da lei, faz saber a todos os interessados que a licita\u00e7\u00e3o na modalidade de preg\u00e3o presencial para registro de pre\u00e7os para\u00a0aquisi\u00e7\u00e3o de diversos materiais (bloquetes, manilhas e meio fio de concreto) a serem utilizados pela [&hellip;]<\/p>\n","protected":false},"author":96,"featured_media":0,"comment_status":"closed","ping_status":"closed","sticky":false,"template":"","format":"standard","meta":{"footnotes":""},"categories":[307],"tags":[],"class_list":["post-120009","post","type-post","status-publish","format-standard","hentry","category-editais"],"_links":{"self":[{"href":"https:\/\/diarioregionaldigital.com.br\/index.php?rest_route=\/wp\/v2\/posts\/120009","targetHints":{"allow":["GET"]}}],"collection":[{"href":"https:\/\/diarioregionaldigital.com.br\/index.php?rest_route=\/wp\/v2\/posts"}],"about":[{"href":"https:\/\/diarioregionaldigital.com.br\/index.php?rest_route=\/wp\/v2\/types\/post"}],"author":[{"embeddable":true,"href":"https:\/\/diarioregionaldigital.com.br\/index.php?rest_route=\/wp\/v2\/users\/96"}],"replies":[{"embeddable":true,"href":"https:\/\/diarioregionaldigital.com.br\/index.php?rest_route=%2Fwp%2Fv2%2Fcomments&post=120009"}],"version-history":[{"count":0,"href":"https:\/\/diarioregionaldigital.com.br\/index.php?rest_route=\/wp\/v2\/posts\/120009\/revisions"}],"wp:attachment":[{"href":"https:\/\/diarioregionaldigital.com.br\/index.php?rest_route=%2Fwp%2Fv2%2Fmedia&parent=120009"}],"wp:term":[{"taxonomy":"category","embeddable":true,"href":"https:\/\/diarioregionaldigital.com.br\/index.php?rest_route=%2Fwp%2Fv2%2Fcategories&post=120009"},{"taxonomy":"post_tag","embeddable":true,"href":"https:\/\/diarioregionaldigital.com.br\/index.php?rest_route=%2Fwp%2Fv2%2Ftags&post=120009"}],"curies":[{"name":"wp","href":"https:\/\/api.w.org\/{rel}","templated":true}]}}