{"id":120007,"date":"2018-09-20T06:00:42","date_gmt":"2018-09-20T09:00:42","guid":{"rendered":"https:\/\/diarioregionaldigital.com.br\/?p=120007"},"modified":"2018-09-19T19:18:02","modified_gmt":"2018-09-19T22:18:02","slug":"clube-atletico-caicaras-20-09-18","status":"publish","type":"post","link":"https:\/\/diarioregionaldigital.com.br\/?p=120007","title":{"rendered":"Clube Atl\u00e9tico Cai\u00e7aras 20\/09\/18"},"content":{"rendered":"<p style=\"text-align: center;\"><strong>EDITAL DE CONVOCA\u00c7\u00c3O<\/strong><\/p>\n<p style=\"text-align: center;\"><strong>\u00a0PARA HABILITA\u00c7\u00c3O AO CARGO DE MEMBRO DO CONSELHO DELIBERATIVO<\/strong><\/p>\n<p style=\"text-align: center;\">ANTONIO ROBERTO DE FARIA, no exerc\u00edcio do cargo de Presidente do Conselho Deliberativo do Clube Atl\u00e9tico Cai\u00e7aras, com fundamento no Art. 49, par\u00e1grafo 2\u00ba, do Estatuto do Clube, vem, por meio deste, informar a vac\u00e2ncia de um cargo de membro do conselho deliberativo. Ante ao exposto, informo aos associados interessados a exercer o cargo, que no prazo de cinco dias, a contar da publica\u00e7\u00e3o deste edital, dever\u00e3o se habilitar junto \u00e0 secretaria do Clube. Cabe registrar que, ocorrendo mais de uma habilita\u00e7\u00e3o, a escolha ser\u00e1 realizada pelo crit\u00e9rio de antiguidade associativa.<\/p>\n<p style=\"text-align: center;\">Juiz de fora 16 de setembro 2018.<\/p>\n<p style=\"text-align: center;\"><strong>Antonio Roberto de Faria<\/strong><\/p>\n<p style=\"text-align: center;\"><strong>Presidente Conselho<\/strong><\/p>\n","protected":false},"excerpt":{"rendered":"<p>EDITAL DE CONVOCA\u00c7\u00c3O \u00a0PARA HABILITA\u00c7\u00c3O AO CARGO DE MEMBRO DO CONSELHO DELIBERATIVO ANTONIO ROBERTO DE FARIA, no exerc\u00edcio do cargo de Presidente do Conselho Deliberativo do Clube Atl\u00e9tico Cai\u00e7aras, com fundamento no Art. 49, par\u00e1grafo 2\u00ba, do Estatuto do Clube, vem, por meio deste, informar a vac\u00e2ncia de um cargo de membro do conselho deliberativo. [&hellip;]<\/p>\n","protected":false},"author":96,"featured_media":0,"comment_status":"closed","ping_status":"closed","sticky":false,"template":"","format":"standard","meta":{"footnotes":""},"categories":[307],"tags":[],"class_list":["post-120007","post","type-post","status-publish","format-standard","hentry","category-editais"],"_links":{"self":[{"href":"https:\/\/diarioregionaldigital.com.br\/index.php?rest_route=\/wp\/v2\/posts\/120007","targetHints":{"allow":["GET"]}}],"collection":[{"href":"https:\/\/diarioregionaldigital.com.br\/index.php?rest_route=\/wp\/v2\/posts"}],"about":[{"href":"https:\/\/diarioregionaldigital.com.br\/index.php?rest_route=\/wp\/v2\/types\/post"}],"author":[{"embeddable":true,"href":"https:\/\/diarioregionaldigital.com.br\/index.php?rest_route=\/wp\/v2\/users\/96"}],"replies":[{"embeddable":true,"href":"https:\/\/diarioregionaldigital.com.br\/index.php?rest_route=%2Fwp%2Fv2%2Fcomments&post=120007"}],"version-history":[{"count":0,"href":"https:\/\/diarioregionaldigital.com.br\/index.php?rest_route=\/wp\/v2\/posts\/120007\/revisions"}],"wp:attachment":[{"href":"https:\/\/diarioregionaldigital.com.br\/index.php?rest_route=%2Fwp%2Fv2%2Fmedia&parent=120007"}],"wp:term":[{"taxonomy":"category","embeddable":true,"href":"https:\/\/diarioregionaldigital.com.br\/index.php?rest_route=%2Fwp%2Fv2%2Fcategories&post=120007"},{"taxonomy":"post_tag","embeddable":true,"href":"https:\/\/diarioregionaldigital.com.br\/index.php?rest_route=%2Fwp%2Fv2%2Ftags&post=120007"}],"curies":[{"name":"wp","href":"https:\/\/api.w.org\/{rel}","templated":true}]}}