{"id":120001,"date":"2018-09-20T06:00:32","date_gmt":"2018-09-20T09:00:32","guid":{"rendered":"https:\/\/diarioregionaldigital.com.br\/?p=120001"},"modified":"2018-09-19T19:13:10","modified_gmt":"2018-09-19T22:13:10","slug":"para-saber","status":"publish","type":"post","link":"https:\/\/diarioregionaldigital.com.br\/?p=120001","title":{"rendered":"Para Saber"},"content":{"rendered":"<p style=\"text-align: center;\"><strong>Mercado das Flores<\/strong><\/p>\n<p style=\"text-align: center;\">Com a chegada da primavera, o Independ\u00eancia Shopping promove o Mercado das Flores. Nas g\u00f4ndolas, uma exposi\u00e7\u00e3o de orqu\u00eddeas que vai at\u00e9 o domingo 23. Para enfeitar ainda mais, flores em geral estar\u00e3o espalhadas, na pra\u00e7a de eventos, com atividades di\u00e1rias que envolvem atra\u00e7\u00f5es infantis, m\u00fasica ao vivo e at\u00e9 um encontro de youtubers.<\/p>\n<p style=\"text-align: center;\"><strong>Habilidades Gerenciais<\/strong><\/p>\n<p style=\"text-align: center;\">Termina hoje, 20 de setembro, o curso promovido pela FIEMG Regional Zona da Mata com o tema \u201cDesenvolvimento de Habilidades Gerenciais\u201d em sua sede, no bairro Industrial, Juiz de Fora. O treinamento faz uma abordagem din\u00e2mica com o objetivo de formar, em todos os n\u00edveis da organiza\u00e7\u00e3o, l\u00edderes com vis\u00e3o de \u201cagentes de transforma\u00e7\u00e3o\u201d capazes de utilizar as ferramentas de gest\u00e3o para o desenvolvimento das equipes em prol dos resultados esperados.<\/p>\n<p style=\"text-align: center;\"><strong>Ex-Alunas<\/strong><\/p>\n<p style=\"text-align: center;\">Ser\u00e1 com evento festivo a festa e confraterniza\u00e7\u00e3o das ex-alunas do Col\u00e9gio Santa Catarina, no domingo 23 de setembro. A presidente Jane Salimena convida para a missa na Capela do Col\u00e9gio \u00e0s 10h e logo ap\u00f3s almo\u00e7o de ades\u00e3o \u00e0s 12h30, com buffet de Cl\u00e1udia Madeira e m\u00fasica ao vivo.<\/p>\n<p style=\"text-align: center;\"><strong>Not\u00edcia Quente<\/strong><\/p>\n<p style=\"text-align: center;\">A venda da Petro\u00c1frica, controlada pela Petrobras e pelo BTG, deve, enfim, ser assinada em setembro. Um neg\u00f3cio de US$ 2,6 bilh\u00f5es que vai para as m\u00e3os da Vitol, maior trading de petr\u00f3leo do planeta.<\/p>\n<p style=\"text-align: center;\"><strong>Para Saber<\/strong><\/p>\n<p style=\"text-align: center;\">A Construtora Andrade Gutierrez est\u00e1 de volta e de mudan\u00e7a novamente. Quatro anos atr\u00e1s transferiu a sede da construtora de S\u00e3o Paulo para o Rio de Janeiro. Agora, a diretoria da empresa est\u00e1 trilhando o caminho de volta.<\/p>\n<div id=\"attachment_119987\" style=\"width: 690px\" class=\"wp-caption aligncenter\"><img loading=\"lazy\" decoding=\"async\" aria-describedby=\"caption-attachment-119987\" class=\"wp-image-119987\" src=\"https:\/\/diarioregionaldigital.com.br\/wp-content\/uploads\/2018\/09\/fotoa-12.jpg\" alt=\"\" width=\"680\" height=\"450\" srcset=\"https:\/\/diarioregionaldigital.com.br\/wp-content\/uploads\/2018\/09\/fotoa-12.jpg 960w, https:\/\/diarioregionaldigital.com.br\/wp-content\/uploads\/2018\/09\/fotoa-12-300x198.jpg 300w, https:\/\/diarioregionaldigital.com.br\/wp-content\/uploads\/2018\/09\/fotoa-12-768x508.jpg 768w, https:\/\/diarioregionaldigital.com.br\/wp-content\/uploads\/2018\/09\/fotoa-12-360x238.jpg 360w\" sizes=\"auto, (max-width: 680px) 100vw, 680px\" \/><p id=\"caption-attachment-119987\" class=\"wp-caption-text\">J\u00fanio Martins em close especial para esta coluna no in\u00edcio da primavera<\/p><\/div>\n<div id=\"attachment_119988\" style=\"width: 690px\" class=\"wp-caption aligncenter\"><img loading=\"lazy\" decoding=\"async\" aria-describedby=\"caption-attachment-119988\" class=\"wp-image-119988\" src=\"https:\/\/diarioregionaldigital.com.br\/wp-content\/uploads\/2018\/09\/fotob-10-e1537394539370.jpg\" alt=\"\" width=\"680\" height=\"528\" srcset=\"https:\/\/diarioregionaldigital.com.br\/wp-content\/uploads\/2018\/09\/fotob-10-e1537394539370.jpg 945w, https:\/\/diarioregionaldigital.com.br\/wp-content\/uploads\/2018\/09\/fotob-10-e1537394539370-300x233.jpg 300w, https:\/\/diarioregionaldigital.com.br\/wp-content\/uploads\/2018\/09\/fotob-10-e1537394539370-768x597.jpg 768w, https:\/\/diarioregionaldigital.com.br\/wp-content\/uploads\/2018\/09\/fotob-10-e1537394539370-360x280.jpg 360w\" sizes=\"auto, (max-width: 680px) 100vw, 680px\" \/><p id=\"caption-attachment-119988\" class=\"wp-caption-text\">Comemorando muitos anos de casados em luxuoso cruzeiro, os elegantes Mery Castro e Ivan de Castro<\/p><\/div>\n<div id=\"attachment_119989\" style=\"width: 690px\" class=\"wp-caption aligncenter\"><img loading=\"lazy\" decoding=\"async\" aria-describedby=\"caption-attachment-119989\" class=\"wp-image-119989\" src=\"https:\/\/diarioregionaldigital.com.br\/wp-content\/uploads\/2018\/09\/fotoc-9-e1537394599350.jpg\" alt=\"\" width=\"680\" height=\"533\" srcset=\"https:\/\/diarioregionaldigital.com.br\/wp-content\/uploads\/2018\/09\/fotoc-9-e1537394599350.jpg 720w, https:\/\/diarioregionaldigital.com.br\/wp-content\/uploads\/2018\/09\/fotoc-9-e1537394599350-300x235.jpg 300w, https:\/\/diarioregionaldigital.com.br\/wp-content\/uploads\/2018\/09\/fotoc-9-e1537394599350-360x282.jpg 360w\" sizes=\"auto, (max-width: 680px) 100vw, 680px\" \/><p id=\"caption-attachment-119989\" class=\"wp-caption-text\">Na AABB em ritmo floral, a elegante Cl\u00e1udia Matos<\/p><\/div>\n<div id=\"attachment_119990\" style=\"width: 690px\" class=\"wp-caption aligncenter\"><img loading=\"lazy\" decoding=\"async\" aria-describedby=\"caption-attachment-119990\" class=\"wp-image-119990\" src=\"https:\/\/diarioregionaldigital.com.br\/wp-content\/uploads\/2018\/09\/fotod-8.jpg\" alt=\"\" width=\"680\" height=\"510\" srcset=\"https:\/\/diarioregionaldigital.com.br\/wp-content\/uploads\/2018\/09\/fotod-8.jpg 960w, https:\/\/diarioregionaldigital.com.br\/wp-content\/uploads\/2018\/09\/fotod-8-300x225.jpg 300w, https:\/\/diarioregionaldigital.com.br\/wp-content\/uploads\/2018\/09\/fotod-8-768x576.jpg 768w, https:\/\/diarioregionaldigital.com.br\/wp-content\/uploads\/2018\/09\/fotod-8-360x270.jpg 360w\" sizes=\"auto, (max-width: 680px) 100vw, 680px\" \/><p id=\"caption-attachment-119990\" class=\"wp-caption-text\">Mulheres empoderadas no Quintal Bar, Ana Maria Moraes Lima, Vera Alice Tam e Tereza Braga<\/p><\/div>\n<div id=\"attachment_119991\" style=\"width: 690px\" class=\"wp-caption aligncenter\"><img loading=\"lazy\" decoding=\"async\" aria-describedby=\"caption-attachment-119991\" class=\"wp-image-119991\" src=\"https:\/\/diarioregionaldigital.com.br\/wp-content\/uploads\/2018\/09\/fotoe-9-e1537394634396.jpg\" alt=\"\" width=\"680\" height=\"486\" srcset=\"https:\/\/diarioregionaldigital.com.br\/wp-content\/uploads\/2018\/09\/fotoe-9-e1537394634396.jpg 768w, https:\/\/diarioregionaldigital.com.br\/wp-content\/uploads\/2018\/09\/fotoe-9-e1537394634396-300x214.jpg 300w, https:\/\/diarioregionaldigital.com.br\/wp-content\/uploads\/2018\/09\/fotoe-9-e1537394634396-360x257.jpg 360w, https:\/\/diarioregionaldigital.com.br\/wp-content\/uploads\/2018\/09\/fotoe-9-e1537394634396-100x70.jpg 100w\" sizes=\"auto, (max-width: 680px) 100vw, 680px\" \/><p id=\"caption-attachment-119991\" class=\"wp-caption-text\">Na Deck Choperia Salvaterra, os talentosos m\u00fasicos Pedro Henrique e Rafael Crespo<\/p><\/div>\n<div id=\"attachment_119992\" style=\"width: 690px\" class=\"wp-caption aligncenter\"><img loading=\"lazy\" decoding=\"async\" aria-describedby=\"caption-attachment-119992\" class=\"wp-image-119992\" src=\"https:\/\/diarioregionaldigital.com.br\/wp-content\/uploads\/2018\/09\/fotof-8-e1537394661166.jpg\" alt=\"\" width=\"680\" height=\"545\" srcset=\"https:\/\/diarioregionaldigital.com.br\/wp-content\/uploads\/2018\/09\/fotof-8-e1537394661166.jpg 960w, https:\/\/diarioregionaldigital.com.br\/wp-content\/uploads\/2018\/09\/fotof-8-e1537394661166-300x241.jpg 300w, https:\/\/diarioregionaldigital.com.br\/wp-content\/uploads\/2018\/09\/fotof-8-e1537394661166-768x616.jpg 768w, https:\/\/diarioregionaldigital.com.br\/wp-content\/uploads\/2018\/09\/fotof-8-e1537394661166-360x289.jpg 360w\" sizes=\"auto, (max-width: 680px) 100vw, 680px\" \/><p id=\"caption-attachment-119992\" class=\"wp-caption-text\">Em Al\u00e9m Para\u00edba fazendo dobradinha gastron\u00f4mica, C\u00e2ndida Brand\u00e3o e o chef Lucas Henrique<\/p><\/div>\n<div id=\"attachment_119993\" style=\"width: 690px\" class=\"wp-caption aligncenter\"><img loading=\"lazy\" decoding=\"async\" aria-describedby=\"caption-attachment-119993\" class=\"wp-image-119993\" src=\"https:\/\/diarioregionaldigital.com.br\/wp-content\/uploads\/2018\/09\/fotog-10-e1537394689303.jpg\" alt=\"\" width=\"680\" height=\"548\" srcset=\"https:\/\/diarioregionaldigital.com.br\/wp-content\/uploads\/2018\/09\/fotog-10-e1537394689303.jpg 720w, https:\/\/diarioregionaldigital.com.br\/wp-content\/uploads\/2018\/09\/fotog-10-e1537394689303-300x242.jpg 300w, https:\/\/diarioregionaldigital.com.br\/wp-content\/uploads\/2018\/09\/fotog-10-e1537394689303-360x290.jpg 360w\" sizes=\"auto, (max-width: 680px) 100vw, 680px\" \/><p id=\"caption-attachment-119993\" class=\"wp-caption-text\">No santu\u00e1rio de Nossa Senhora Aparecida fazendo agradecimento, Miriam Sim\u00f5es e o coiffeur Daniel Saggioro<\/p><\/div>\n<div id=\"attachment_119994\" style=\"width: 690px\" class=\"wp-caption aligncenter\"><img loading=\"lazy\" decoding=\"async\" aria-describedby=\"caption-attachment-119994\" class=\"wp-image-119994\" src=\"https:\/\/diarioregionaldigital.com.br\/wp-content\/uploads\/2018\/09\/fotoh-10-e1537394712364.jpg\" alt=\"\" width=\"680\" height=\"486\" srcset=\"https:\/\/diarioregionaldigital.com.br\/wp-content\/uploads\/2018\/09\/fotoh-10-e1537394712364.jpg 768w, https:\/\/diarioregionaldigital.com.br\/wp-content\/uploads\/2018\/09\/fotoh-10-e1537394712364-300x214.jpg 300w, https:\/\/diarioregionaldigital.com.br\/wp-content\/uploads\/2018\/09\/fotoh-10-e1537394712364-360x257.jpg 360w, https:\/\/diarioregionaldigital.com.br\/wp-content\/uploads\/2018\/09\/fotoh-10-e1537394712364-100x70.jpg 100w\" sizes=\"auto, (max-width: 680px) 100vw, 680px\" \/><p id=\"caption-attachment-119994\" class=\"wp-caption-text\">No Jockey Clube S\u00e3o Paulo, os bonit\u00f5es Rhisley Ara\u00fajo e William Mazzucatto<\/p><\/div>\n<div id=\"attachment_119995\" style=\"width: 690px\" class=\"wp-caption aligncenter\"><img loading=\"lazy\" decoding=\"async\" aria-describedby=\"caption-attachment-119995\" class=\"wp-image-119995\" src=\"https:\/\/diarioregionaldigital.com.br\/wp-content\/uploads\/2018\/09\/fotoi-12-e1537394733988.jpg\" alt=\"\" width=\"680\" height=\"486\" srcset=\"https:\/\/diarioregionaldigital.com.br\/wp-content\/uploads\/2018\/09\/fotoi-12-e1537394733988.jpg 926w, https:\/\/diarioregionaldigital.com.br\/wp-content\/uploads\/2018\/09\/fotoi-12-e1537394733988-300x214.jpg 300w, https:\/\/diarioregionaldigital.com.br\/wp-content\/uploads\/2018\/09\/fotoi-12-e1537394733988-768x549.jpg 768w, https:\/\/diarioregionaldigital.com.br\/wp-content\/uploads\/2018\/09\/fotoi-12-e1537394733988-360x257.jpg 360w, https:\/\/diarioregionaldigital.com.br\/wp-content\/uploads\/2018\/09\/fotoi-12-e1537394733988-100x70.jpg 100w\" sizes=\"auto, (max-width: 680px) 100vw, 680px\" \/><p id=\"caption-attachment-119995\" class=\"wp-caption-text\">No Espa\u00e7o Mirador, os elegantes Carlos Henrique Batitucci (aniversariando) e M\u00f4nica Gomite Guimar\u00e3es<\/p><\/div>\n<div id=\"attachment_119996\" style=\"width: 690px\" class=\"wp-caption aligncenter\"><img loading=\"lazy\" decoding=\"async\" aria-describedby=\"caption-attachment-119996\" class=\"wp-image-119996\" src=\"https:\/\/diarioregionaldigital.com.br\/wp-content\/uploads\/2018\/09\/fotoj-7-e1537394754470.jpg\" alt=\"\" width=\"680\" height=\"540\" srcset=\"https:\/\/diarioregionaldigital.com.br\/wp-content\/uploads\/2018\/09\/fotoj-7-e1537394754470.jpg 540w, https:\/\/diarioregionaldigital.com.br\/wp-content\/uploads\/2018\/09\/fotoj-7-e1537394754470-300x238.jpg 300w, https:\/\/diarioregionaldigital.com.br\/wp-content\/uploads\/2018\/09\/fotoj-7-e1537394754470-360x286.jpg 360w\" sizes=\"auto, (max-width: 680px) 100vw, 680px\" \/><p id=\"caption-attachment-119996\" class=\"wp-caption-text\">O belo Caio Penha, localizado em tarde de sol<\/p><\/div>\n<div id=\"attachment_119997\" style=\"width: 690px\" class=\"wp-caption aligncenter\"><img loading=\"lazy\" decoding=\"async\" aria-describedby=\"caption-attachment-119997\" class=\"wp-image-119997\" src=\"https:\/\/diarioregionaldigital.com.br\/wp-content\/uploads\/2018\/09\/fotol-5-e1537394782431.jpg\" alt=\"\" width=\"680\" height=\"538\" srcset=\"https:\/\/diarioregionaldigital.com.br\/wp-content\/uploads\/2018\/09\/fotol-5-e1537394782431.jpg 460w, https:\/\/diarioregionaldigital.com.br\/wp-content\/uploads\/2018\/09\/fotol-5-e1537394782431-300x237.jpg 300w, https:\/\/diarioregionaldigital.com.br\/wp-content\/uploads\/2018\/09\/fotol-5-e1537394782431-360x285.jpg 360w\" sizes=\"auto, (max-width: 680px) 100vw, 680px\" \/><p id=\"caption-attachment-119997\" class=\"wp-caption-text\">Formando par em noite alto astral, a mineira Ana Paula e o carioca Pedro Henrique<\/p><\/div>\n<p style=\"text-align: center;\"><strong>FOTOSS\u00cdNTESE<\/strong><\/p>\n<p>O CES\/JF, atrav\u00e9s dos cursos de Administra\u00e7\u00e3o, Tecnologia em Gest\u00e3o de Recursos Humanos e Tecnologia em Marketing, iniciou um belo projeto sobre Racismo Institucional. A coordena\u00e7\u00e3o \u00e9 do professor Tiago Guimar\u00e3es de Oliveira e conduzidos pela professora Luciana Vianna Lima Haider e pelo historiador e professor Jodenir da Silva Souza. O di\u00e1logo aberto ao p\u00fablico acontece todas as ter\u00e7as-feiras das 18h \u00e0s 19h, no Campus Academia.<\/p>\n<p>Professor Celso de Castro Matias foi homenageado pelos professores e alunos com palavras de carinho por todos os anos de dedica\u00e7\u00e3o, zelo e amor pela doc\u00eancia na Faculdade de Ci\u00eancias M\u00e9dicas e da Sa\u00fade de Juiz de Fora \u2013 Suprema.<\/p>\n<p>Agendado para 25 de setembro, na Sociedade de Medicina, o Simp\u00f3sio \u201cPreven\u00e7\u00e3o do Suic\u00eddio\u201d &#8211; \u201cSua Vida Vale Ouro\u201d. A moderadora ser\u00e1 a psiquiatra Elimar Jacob Salzer Rodrigues com participa\u00e7\u00e3o da psic\u00f3loga e psicanalista Regina Castelo Prudente, o psiquiatra S\u00edlvio de Oliveira, a assistente social Liliane Knopp e o jornalista Renan Ribeiro.<\/p>\n<p>A festa de 25 anos de Unicred Juiz de Fora ser\u00e1 no dia 20 de outubro, \u00e0s 22h, no Terrazzo.<\/p>\n<p>O Capit\u00f3lio vai receber um grande p\u00fablico no dia 22 de setembro, \u00e0s 21h, para o show de Nando Reis.<\/p>\n<p>No dia 24 de setembro, a poderosa Gilmara Delgado promove o curso Empodere Suas Vendas, \u00e0s 18h30, no 3255 Coworking, na Av. Rio Branco 3480 \u2013 3\u00ba andar, Passos.<\/p>\n<p>Para o dia 21 de setembro, o Cultural abre o sal\u00e3o para o show do Chimarruts com o mais puro reggae, \u00e0s 23h.<\/p>\n<p>At\u00e9 o dia 23 de setembro acontece no Museu Mariano Proc\u00f3pio o evento Primavera de Museus promovido pelo Instituto Brasileiro de Museus (Ibram). Na pauta, visita\u00e7\u00e3o guiada e atividades como exibi\u00e7\u00e3o de filmes e apresenta\u00e7\u00e3o do Coral Acad\u00eamico da UFJF.<\/p>\n<p>No Museu de Arte Murilo Mendes, o artista pl\u00e1stico Jorge dos Anjos est\u00e1 expondo suas esculturas com o tema \u201cA ferro e fogo\u201d.<\/p>\n<p>Representante da Fiocruz no Comit\u00ea de Implementa\u00e7\u00e3o do PNSP, o m\u00e9dico Victor Grabois \u00e9 um dos conferencistas do Congresso da Zona da Mata de Seguran\u00e7a ao Paciente, dia 22, na Suprema.<\/p>\n<p>Para a festa de 12 anos da dupla Renan &amp; Cristiano, a MC Pocahontas vai aterrissar em Juiz de Fora. Ser\u00e1 no Clube do Cavalo.<\/p>\n<p>Foi inaugurado na Galeria Maria Am\u00e1lia a mostra in\u00e9dita de 20 rel\u00f3gios do acervo do Museu Mariano Proc\u00f3pio.<\/p>\n<p>No p\u00e9 do ouvido: Quanto mais voc\u00ea se aprova, menos voc\u00ea precisa da aprova\u00e7\u00e3o dos outros. Bom dia.<\/p>\n","protected":false},"excerpt":{"rendered":"<p>Mercado das Flores Com a chegada da primavera, o Independ\u00eancia Shopping promove o Mercado das Flores. Nas g\u00f4ndolas, uma exposi\u00e7\u00e3o de orqu\u00eddeas que vai at\u00e9 o domingo 23. Para enfeitar ainda mais, flores em geral estar\u00e3o espalhadas, na pra\u00e7a de eventos, com atividades di\u00e1rias que envolvem atra\u00e7\u00f5es infantis, m\u00fasica ao vivo e at\u00e9 um encontro [&hellip;]<\/p>\n","protected":false},"author":96,"featured_media":119987,"comment_status":"closed","ping_status":"closed","sticky":false,"template":"","format":"standard","meta":{"footnotes":""},"categories":[264],"tags":[],"class_list":["post-120001","post","type-post","status-publish","format-standard","has-post-thumbnail","hentry","category-eduardo-gomes"],"_links":{"self":[{"href":"https:\/\/diarioregionaldigital.com.br\/index.php?rest_route=\/wp\/v2\/posts\/120001","targetHints":{"allow":["GET"]}}],"collection":[{"href":"https:\/\/diarioregionaldigital.com.br\/index.php?rest_route=\/wp\/v2\/posts"}],"about":[{"href":"https:\/\/diarioregionaldigital.com.br\/index.php?rest_route=\/wp\/v2\/types\/post"}],"author":[{"embeddable":true,"href":"https:\/\/diarioregionaldigital.com.br\/index.php?rest_route=\/wp\/v2\/users\/96"}],"replies":[{"embeddable":true,"href":"https:\/\/diarioregionaldigital.com.br\/index.php?rest_route=%2Fwp%2Fv2%2Fcomments&post=120001"}],"version-history":[{"count":0,"href":"https:\/\/diarioregionaldigital.com.br\/index.php?rest_route=\/wp\/v2\/posts\/120001\/revisions"}],"wp:featuredmedia":[{"embeddable":true,"href":"https:\/\/diarioregionaldigital.com.br\/index.php?rest_route=\/wp\/v2\/media\/119987"}],"wp:attachment":[{"href":"https:\/\/diarioregionaldigital.com.br\/index.php?rest_route=%2Fwp%2Fv2%2Fmedia&parent=120001"}],"wp:term":[{"taxonomy":"category","embeddable":true,"href":"https:\/\/diarioregionaldigital.com.br\/index.php?rest_route=%2Fwp%2Fv2%2Fcategories&post=120001"},{"taxonomy":"post_tag","embeddable":true,"href":"https:\/\/diarioregionaldigital.com.br\/index.php?rest_route=%2Fwp%2Fv2%2Ftags&post=120001"}],"curies":[{"name":"wp","href":"https:\/\/api.w.org\/{rel}","templated":true}]}}