{"id":119981,"date":"2018-09-19T15:13:13","date_gmt":"2018-09-19T18:13:13","guid":{"rendered":"https:\/\/diarioregionaldigital.com.br\/?p=119981"},"modified":"2018-09-19T15:13:13","modified_gmt":"2018-09-19T18:13:13","slug":"camara-derruba-veto-sobre-aumento-da-participacao-feminina-nos-conselhos-das-empresas-publicas-municipais","status":"publish","type":"post","link":"https:\/\/diarioregionaldigital.com.br\/?p=119981","title":{"rendered":"C\u00e2mara derruba veto sobre aumento da participa\u00e7\u00e3o feminina nos conselhos das empresas p\u00fablicas municipais"},"content":{"rendered":"<p>O plen\u00e1rio da C\u00e2mara Municipal derrubou o veto total do Executivo nessa ter\u00e7a-feira, 19, sobre o projeto de lei que define percentual m\u00ednimo de participa\u00e7\u00e3o de mulheres nos Conselhos Administrativos das Empresas P\u00fablicas Municipais.<\/p>\n<p>A mat\u00e9ria, de autoria da vereadora Ana do Padre Frederico (MDB), institui que, a partir de 2019, os Conselhos de empresas, seja direta ou indiretamente ligados ao munic\u00edpio tenham 30% da participa\u00e7\u00e3o feminina garantida. E, at\u00e9 2021, esse n\u00famero deve ser de 40%.<\/p>\n<p>A proposi\u00e7\u00e3o foi votada na C\u00e2mara em per\u00edodos legislativos anteriores, e seguiu para a an\u00e1lise da Prefeitura de Juiz de Fora (PJF), que a vetou por considerar v\u00edcio de iniciativa, uma vez que este tipo de determina\u00e7\u00e3o cabe ao chefe do Executivo. Entretanto, por 11 votos a 2, os vereadores derrubaram o veto e a mat\u00e9ria vai ser enviada \u00e0 PJF para sua promulga\u00e7\u00e3o.<\/p>\n<p>Votaram a favor da proposi\u00e7\u00e3o os vereadores Ana do Padre Frederico, Kennedy Ribeiro (ambos do MDB), Delegada Sheila, Charlles Evangelista (ambos do PSL), Bet\u00e3o Lula da Silva, Castelar Lula da Silva (ambos do PT), Pardal, Fiorilo (ambos do PTC), Jo\u00e3o Coteca (PR), Vagner de Oliveira (PSC) e Jucelio Maria (PSB).<\/p>\n<p>Os votos contra foram do l\u00edder do Governo, J\u00falio Obama Jr. (PHS) e Marlon Siqueira (MDB). Estes parlamentares destacaram que o voto a favor do veto foi por conta do v\u00edcio de iniciativa, e ressaltaram import\u00e2ncia do projeto, que pretende aumentar a representatividade feminina nesses cargos.<\/p>\n<p>&nbsp;<\/p>\n<p>Fonte: Assessoria<\/p>\n","protected":false},"excerpt":{"rendered":"<p>O plen\u00e1rio da C\u00e2mara Municipal derrubou o veto total do Executivo nessa ter\u00e7a-feira, 19, sobre o projeto de lei que define percentual m\u00ednimo de participa\u00e7\u00e3o de mulheres nos Conselhos Administrativos das Empresas P\u00fablicas Municipais. A mat\u00e9ria, de autoria da vereadora Ana do Padre Frederico (MDB), institui que, a partir de 2019, os Conselhos de empresas, [&hellip;]<\/p>\n","protected":false},"author":96,"featured_media":119982,"comment_status":"closed","ping_status":"closed","sticky":false,"template":"","format":"standard","meta":{"footnotes":""},"categories":[254,439],"tags":[],"class_list":["post-119981","post","type-post","status-publish","format-standard","has-post-thumbnail","hentry","category-politica","category-ultima-hora"],"_links":{"self":[{"href":"https:\/\/diarioregionaldigital.com.br\/index.php?rest_route=\/wp\/v2\/posts\/119981","targetHints":{"allow":["GET"]}}],"collection":[{"href":"https:\/\/diarioregionaldigital.com.br\/index.php?rest_route=\/wp\/v2\/posts"}],"about":[{"href":"https:\/\/diarioregionaldigital.com.br\/index.php?rest_route=\/wp\/v2\/types\/post"}],"author":[{"embeddable":true,"href":"https:\/\/diarioregionaldigital.com.br\/index.php?rest_route=\/wp\/v2\/users\/96"}],"replies":[{"embeddable":true,"href":"https:\/\/diarioregionaldigital.com.br\/index.php?rest_route=%2Fwp%2Fv2%2Fcomments&post=119981"}],"version-history":[{"count":0,"href":"https:\/\/diarioregionaldigital.com.br\/index.php?rest_route=\/wp\/v2\/posts\/119981\/revisions"}],"wp:featuredmedia":[{"embeddable":true,"href":"https:\/\/diarioregionaldigital.com.br\/index.php?rest_route=\/wp\/v2\/media\/119982"}],"wp:attachment":[{"href":"https:\/\/diarioregionaldigital.com.br\/index.php?rest_route=%2Fwp%2Fv2%2Fmedia&parent=119981"}],"wp:term":[{"taxonomy":"category","embeddable":true,"href":"https:\/\/diarioregionaldigital.com.br\/index.php?rest_route=%2Fwp%2Fv2%2Fcategories&post=119981"},{"taxonomy":"post_tag","embeddable":true,"href":"https:\/\/diarioregionaldigital.com.br\/index.php?rest_route=%2Fwp%2Fv2%2Ftags&post=119981"}],"curies":[{"name":"wp","href":"https:\/\/api.w.org\/{rel}","templated":true}]}}