{"id":119978,"date":"2018-09-19T14:59:32","date_gmt":"2018-09-19T17:59:32","guid":{"rendered":"https:\/\/diarioregionaldigital.com.br\/?p=119978"},"modified":"2018-09-19T14:59:32","modified_gmt":"2018-09-19T17:59:32","slug":"ministerio-toma-providencias-para-evitar-entrada-de-peste-suina","status":"publish","type":"post","link":"https:\/\/diarioregionaldigital.com.br\/?p=119978","title":{"rendered":"Minist\u00e9rio toma provid\u00eancias para evitar entrada de peste su\u00edna"},"content":{"rendered":"<p>Antes de embarcar para a Argentina, onde participar\u00e1, em Buenos Aires, da 36\u00aa Reuni\u00e3o Ordin\u00e1ria do Conselho Agropecu\u00e1rio do Sul e de reuni\u00f5es bilaterais, o ministro da Agricultura, Blairo Maggi, afirmou que o governo toma todas as provid\u00eancias para evitar o risco da entrada de peste su\u00edna cl\u00e1ssica e da peste su\u00edna africana no territ\u00f3rio brasileiro.<\/p>\n<p>Em v\u00eddeo divulgado nas redes sociais, Maggi disse que o Sistema de Vigil\u00e2ncia Agropecu\u00e1ria Internacional (Vigiagro) e o Departamento de Inspe\u00e7\u00e3o de Produtos de Origem Animal (Dipoa) est\u00e3o orientados a intensificar as vistorias de ingresso de alimentos por meio de navios e avi\u00f5es, assim como de partes de su\u00ednos e dos animais inteiros.<\/p>\n<p>O ministro informou que as doen\u00e7as foram identificadas em regi\u00f5es na China, R\u00fassia, Leste Europeu, Jap\u00e3o e tamb\u00e9m em parte da \u00c1frica. &#8220;[No Brasil] h\u00e1 muitos anos e temos que continuar a preservar nosso territ\u00f3rio&#8221;, afirmou.<\/p>\n<p><strong>Mensagem<\/strong><\/p>\n<p>No v\u00eddeo, Blairo Maggi pede: &#8220;Gostaria de pedir a voc\u00ea, produtor, que est\u00e1 viajando para o exterior ou que tem parentes que viajem ao exterior, que tome o m\u00e1ximo cuidado de n\u00e3o trazer comida neste momento&#8221;.<\/p>\n<p>A peste su\u00edna cl\u00e1ssica, conhecida como c\u00f3lera dos porcos ou febre su\u00edna, foi erradicada no Brasil em 1984, e o pa\u00eds foi declarado \u00e1rea livre da doen\u00e7a.<\/p>\n<p>A peste su\u00edna africana \u00e9 uma doen\u00e7a viral, n\u00e3o oferece risco \u00e0 sa\u00fade humana, n\u00e3o sendo transmitida ao homem, mas pode dizimar plant\u00e9is de su\u00ednos, sendo altamente infecciosa, o que exige o sacrif\u00edcio dos animais, conforme determina a Organiza\u00e7\u00e3o Mundial de Sa\u00fade Animal (OIE).<\/p>\n<p>Os javalis tamb\u00e9m s\u00e3o atingidos. N\u00e3o existe vacina para a PSA. O v\u00edrus \u00e9 resistente, permanecendo nas fezes dos animais por at\u00e9 tr\u00eas meses e, em alimentos (produtos maturados), at\u00e9 nove meses.<\/p>\n<p>&nbsp;<\/p>\n<p>Fonte: Ag\u00eancia Brasil<\/p>\n<p>&nbsp;<\/p>\n","protected":false},"excerpt":{"rendered":"<p>Antes de embarcar para a Argentina, onde participar\u00e1, em Buenos Aires, da 36\u00aa Reuni\u00e3o Ordin\u00e1ria do Conselho Agropecu\u00e1rio do Sul e de reuni\u00f5es bilaterais, o ministro da Agricultura, Blairo Maggi, afirmou que o governo toma todas as provid\u00eancias para evitar o risco da entrada de peste su\u00edna cl\u00e1ssica e da peste su\u00edna africana no territ\u00f3rio [&hellip;]<\/p>\n","protected":false},"author":96,"featured_media":119979,"comment_status":"closed","ping_status":"closed","sticky":false,"template":"","format":"standard","meta":{"footnotes":""},"categories":[302,439],"tags":[],"class_list":["post-119978","post","type-post","status-publish","format-standard","has-post-thumbnail","hentry","category-brasil-mundo","category-ultima-hora"],"_links":{"self":[{"href":"https:\/\/diarioregionaldigital.com.br\/index.php?rest_route=\/wp\/v2\/posts\/119978","targetHints":{"allow":["GET"]}}],"collection":[{"href":"https:\/\/diarioregionaldigital.com.br\/index.php?rest_route=\/wp\/v2\/posts"}],"about":[{"href":"https:\/\/diarioregionaldigital.com.br\/index.php?rest_route=\/wp\/v2\/types\/post"}],"author":[{"embeddable":true,"href":"https:\/\/diarioregionaldigital.com.br\/index.php?rest_route=\/wp\/v2\/users\/96"}],"replies":[{"embeddable":true,"href":"https:\/\/diarioregionaldigital.com.br\/index.php?rest_route=%2Fwp%2Fv2%2Fcomments&post=119978"}],"version-history":[{"count":0,"href":"https:\/\/diarioregionaldigital.com.br\/index.php?rest_route=\/wp\/v2\/posts\/119978\/revisions"}],"wp:featuredmedia":[{"embeddable":true,"href":"https:\/\/diarioregionaldigital.com.br\/index.php?rest_route=\/wp\/v2\/media\/119979"}],"wp:attachment":[{"href":"https:\/\/diarioregionaldigital.com.br\/index.php?rest_route=%2Fwp%2Fv2%2Fmedia&parent=119978"}],"wp:term":[{"taxonomy":"category","embeddable":true,"href":"https:\/\/diarioregionaldigital.com.br\/index.php?rest_route=%2Fwp%2Fv2%2Fcategories&post=119978"},{"taxonomy":"post_tag","embeddable":true,"href":"https:\/\/diarioregionaldigital.com.br\/index.php?rest_route=%2Fwp%2Fv2%2Ftags&post=119978"}],"curies":[{"name":"wp","href":"https:\/\/api.w.org\/{rel}","templated":true}]}}